{"id":29524,"date":"2021-06-08T09:42:05","date_gmt":"2021-06-08T09:42:05","guid":{"rendered":"https:\/\/comet.technology\/2021\/06\/08\/reunio-de-llancament-del-projecte-circthread\/"},"modified":"2022-05-06T13:46:32","modified_gmt":"2022-05-06T13:46:32","slug":"reunio-de-llancament-del-projecte-circthread","status":"publish","type":"post","link":"https:\/\/comet.technology\/ca\/2021\/06\/08\/reunio-de-llancament-del-projecte-circthread\/","title":{"rendered":"Reuni\u00f3 de llan\u00e7ament del Projecte CircThread"},"content":{"rendered":"\n<p class=\"has-drop-cap\">Els dies 15 i 16 de juny el consorci va celebrar la reuni\u00f3 de llan\u00e7ament del projecte i el va fer a dist\u00e0ncia. Durant dos dies, es van presentar els objectius i la manera d&#8217;aconseguir-los.<\/p>\n\n<figure class=\"wp-block-image size-full\"><img decoding=\"async\" src=\"https:\/\/circthread.com\/wp-content\/uploads\/sites\/15\/2021\/11\/CT1.png\" alt=\"\" class=\"wp-image-26865\"\/><\/figure>\n<p class=\"has-drop-cap\">La idea central del projecte CircThread \u00e9s la <strong>creaci\u00f3 d&#8217;un \u201cFil\u201d digital<\/strong> relacionat amb l&#8217;economia circular, una <strong>federaci\u00f3 de dades<\/strong>, per a facilitar els intercanvis d&#8217;informaci\u00f3 <strong>al llarg de la cadena de vida dels productes<\/strong>. El \u201cfil digital\u201d \u00e9s un concepte provinent de la ind\u00fastria 4.0. S&#8217;utilitza en la fabricaci\u00f3 de productes per a permetre la interoperabilitat entre el disseny i la fabricaci\u00f3, al llarg de la cadena de producci\u00f3. En ess\u00e8ncia, volem vincular la informaci\u00f3 del producte <strong>des de la cadena de subministrament, fabricadors d&#8217;equips originals (OEM, per les seves sigles en angl\u00e8s), fins al comer\u00e7 minorista, per a la reutilitzaci\u00f3, reparaci\u00f3, desmuntatge, reciclatge de les mat\u00e8ries primeres secund\u00e0ries perqu\u00e8 novament s&#8217;incorporin a la cadena de subministrament<\/strong>, formant un fil digital circular.<\/p>\n\n<figure class=\"wp-block-image size-full\"><img decoding=\"async\" src=\"https:\/\/circthread.com\/wp-content\/uploads\/sites\/15\/2021\/11\/reuse.png\" alt=\"\" class=\"wp-image-26861\"\/><figcaption>La reutilitzaci\u00f3 d&#8217;electrodom\u00e8stics pot estendre&#8217;s<\/figcaption><\/figure>\n<p>Un cas d&#8217;<strong>\u00fas principal<\/strong> en la cadena de fabricaci\u00f3 \u00e9s la inclusi\u00f3 d&#8217;operacions de fabricaci\u00f3 additiva en el disseny assistit per computadora d&#8217;un producte. <strong>En vincular la informaci\u00f3 de disseny amb la informaci\u00f3 d&#8217;operaci\u00f3 de la m\u00e0quina<\/strong>, pot imprimir-se o fabricar-se directament des de l&#8217;arxiu de disseny. <\/p>\n\n<figure class=\"wp-block-image size-full\"><img decoding=\"async\" src=\"https:\/\/circthread.com\/wp-content\/uploads\/sites\/15\/2021\/11\/recicle.png\" alt=\"\" class=\"wp-image-26862\"\/><figcaption>Al final de la seva vida \u00fatil, els electrodom\u00e8stics han de reciclar-se<\/figcaption><\/figure>\n<p>L&#8217;assessora de projectes Blanca Saez Lacave tamb\u00e9 va estar all\u00ed ajudant amb el concepte d&#8217;economia circular.<\/p>\n\n<p><\/p>\n\n<p>\u00a0<\/p>\n","protected":false},"excerpt":{"rendered":"<p>Els dies 15 i 16 de juny el consorci va celebrar la reuni\u00f3 de llan\u00e7ament del projecte i el va fer a dist\u00e0ncia. Durant dos dies, es van presentar els objectius i la manera d&#8217;aconseguir-los. La idea central del projecte CircThread \u00e9s la creaci\u00f3 d&#8217;un \u201cFil\u201d digital relacionat amb l&#8217;economia circular, una federaci\u00f3 de dades, [&hellip;]<\/p>\n","protected":false},"author":1,"featured_media":29340,"comment_status":"closed","ping_status":"closed","sticky":false,"template":"","format":"standard","meta":{"_acf_changed":false,"footnotes":""},"categories":[720],"tags":[],"class_list":["post-29524","post","type-post","status-publish","format-standard","has-post-thumbnail","hentry","category-circthread-ca"],"acf":[],"_links":{"self":[{"href":"https:\/\/comet.technology\/ca\/wp-json\/wp\/v2\/posts\/29524","targetHints":{"allow":["GET"]}}],"collection":[{"href":"https:\/\/comet.technology\/ca\/wp-json\/wp\/v2\/posts"}],"about":[{"href":"https:\/\/comet.technology\/ca\/wp-json\/wp\/v2\/types\/post"}],"author":[{"embeddable":true,"href":"https:\/\/comet.technology\/ca\/wp-json\/wp\/v2\/users\/1"}],"replies":[{"embeddable":true,"href":"https:\/\/comet.technology\/ca\/wp-json\/wp\/v2\/comments?post=29524"}],"version-history":[{"count":0,"href":"https:\/\/comet.technology\/ca\/wp-json\/wp\/v2\/posts\/29524\/revisions"}],"wp:featuredmedia":[{"embeddable":true,"href":"https:\/\/comet.technology\/ca\/wp-json\/wp\/v2\/media\/29340"}],"wp:attachment":[{"href":"https:\/\/comet.technology\/ca\/wp-json\/wp\/v2\/media?parent=29524"}],"wp:term":[{"taxonomy":"category","embeddable":true,"href":"https:\/\/comet.technology\/ca\/wp-json\/wp\/v2\/categories?post=29524"},{"taxonomy":"post_tag","embeddable":true,"href":"https:\/\/comet.technology\/ca\/wp-json\/wp\/v2\/tags?post=29524"}],"curies":[{"name":"wp","href":"https:\/\/api.w.org\/{rel}","templated":true}]}}