{"id":29692,"date":"2022-01-31T10:41:18","date_gmt":"2022-01-31T10:41:18","guid":{"rendered":"https:\/\/comet.technology\/2022\/01\/31\/reunio-de-llancament-hypergryd\/"},"modified":"2022-05-10T11:33:41","modified_gmt":"2022-05-10T11:33:41","slug":"reunio-de-llancament-hypergryd","status":"publish","type":"post","link":"https:\/\/comet.technology\/ca\/2022\/01\/31\/reunio-de-llancament-hypergryd\/","title":{"rendered":"Reuni\u00f3 de llan\u00e7ament HYPERGRYD"},"content":{"rendered":"\n<p>La 1a Assemblea General d&#8217;HYPERGRYD es va celebrar els dies 7 i 8 d&#8217;octubre a Barcelona. La trobada va comen\u00e7ar amb un rep\u00e0s de la visi\u00f3 i els objectius del projecte, presentats pels coordinadors del projecte, \u00c0ngel Font i Francesco Milani, d&#8217;ARCbcn. Posteriorment, els socis van fer breus presentacions de cada empresa per tal de con\u00e8ixer el <a href=\"https:\/\/hypergryd.eu\/consortium\/\" target=\"_blank\" rel=\"noreferrer noopener\">consorci<\/a>. <\/p>\n\n<p>Durant el primer i segon dia, cada l\u00edder del paquet de treball va presentar els principals objectius i lliurables, el que el WP esperava dels socis, els objectius immediats (pla de 6 mesos) i els riscos potencials detectats.<\/p>\n\n<figure class=\"wp-block-image size-large\"><img decoding=\"async\" src=\"https:\/\/hypergryd.eu\/wp-content\/uploads\/sites\/19\/2022\/01\/PXL_20211008_082124875-1024x768.jpg\" alt=\"\" class=\"wp-image-27026\"\/><\/figure>\n<p>Amb tot, la trobada va ser una fant\u00e0stica oportunitat per con\u00e8ixer personalment els socis i poder discutir totes les inquietuds i particularitats del projecte. Agra\u00efm a ARCbcn l&#8217;organitzaci\u00f3 i a tots els socis per la seva participaci\u00f3 i col\u00b7laboraci\u00f3 durant aquests dos dies.<\/p>\n\n<p>Ha estat un gran comen\u00e7ament per al projecte i estem encantats de comen\u00e7ar a treballar cap a les futures generacions de calefacci\u00f3 i refrigeraci\u00f3 del districte i contribuir als objectius clim\u00e0tics de la UE per a l&#8217;any 2050.<\/p>\n","protected":false},"excerpt":{"rendered":"<p>La 1a Assemblea General d&#8217;HYPERGRYD es va celebrar els dies 7 i 8 d&#8217;octubre a Barcelona. La trobada va comen\u00e7ar amb un rep\u00e0s de la visi\u00f3 i els objectius del projecte, presentats pels coordinadors del projecte, \u00c0ngel Font i Francesco Milani, d&#8217;ARCbcn. Posteriorment, els socis van fer breus presentacions de cada empresa per tal de [&hellip;]<\/p>\n","protected":false},"author":1,"featured_media":29689,"comment_status":"closed","ping_status":"closed","sticky":false,"template":"","format":"standard","meta":{"_acf_changed":false,"footnotes":""},"categories":[729],"tags":[],"class_list":["post-29692","post","type-post","status-publish","format-standard","has-post-thumbnail","hentry","category-hypergryd-en"],"acf":[],"_links":{"self":[{"href":"https:\/\/comet.technology\/ca\/wp-json\/wp\/v2\/posts\/29692","targetHints":{"allow":["GET"]}}],"collection":[{"href":"https:\/\/comet.technology\/ca\/wp-json\/wp\/v2\/posts"}],"about":[{"href":"https:\/\/comet.technology\/ca\/wp-json\/wp\/v2\/types\/post"}],"author":[{"embeddable":true,"href":"https:\/\/comet.technology\/ca\/wp-json\/wp\/v2\/users\/1"}],"replies":[{"embeddable":true,"href":"https:\/\/comet.technology\/ca\/wp-json\/wp\/v2\/comments?post=29692"}],"version-history":[{"count":0,"href":"https:\/\/comet.technology\/ca\/wp-json\/wp\/v2\/posts\/29692\/revisions"}],"wp:featuredmedia":[{"embeddable":true,"href":"https:\/\/comet.technology\/ca\/wp-json\/wp\/v2\/media\/29689"}],"wp:attachment":[{"href":"https:\/\/comet.technology\/ca\/wp-json\/wp\/v2\/media?parent=29692"}],"wp:term":[{"taxonomy":"category","embeddable":true,"href":"https:\/\/comet.technology\/ca\/wp-json\/wp\/v2\/categories?post=29692"},{"taxonomy":"post_tag","embeddable":true,"href":"https:\/\/comet.technology\/ca\/wp-json\/wp\/v2\/tags?post=29692"}],"curies":[{"name":"wp","href":"https:\/\/api.w.org\/{rel}","templated":true}]}}