{"id":30763,"date":"2022-09-13T14:32:52","date_gmt":"2022-09-13T14:32:52","guid":{"rendered":"https:\/\/comet.technology\/?p=30763"},"modified":"2022-09-13T14:33:31","modified_gmt":"2022-09-13T14:33:31","slug":"react-en-llocs-sostenibles-2022","status":"publish","type":"post","link":"https:\/\/comet.technology\/ca\/2022\/09\/13\/react-en-llocs-sostenibles-2022\/","title":{"rendered":"REACT en Llocs Sostenibles 2022"},"content":{"rendered":"\n<p>Durant la darrera edici\u00f3 de llocs sostenibles a Ni\u00e7a la setmana passada, REACT ha estat present mitjan\u00e7ant presentacions en tallers i l&#8217;assist\u00e8ncia d&#8217;alguns dels membres del projecte de <a href=\"https:\/\/www.r2msolution.com\/\" target=\"_blank\" rel=\"noreferrer noopener\">R2M<\/a>, <a href=\"https:\/\/comet.technology\/ca\/\" target=\"_blank\" rel=\"noreferrer noopener\">COMET<\/a> i <a href=\"https:\/\/www.tees.ac.uk\/\" target=\"_blank\" rel=\"noreferrer noopener\">Teesside University<\/a>.<\/p>\n\n\n\n<figure class=\"wp-block-gallery has-nested-images columns-default is-cropped wp-block-gallery-1 is-layout-flex wp-block-gallery-is-layout-flex\">\n<figure class=\"wp-block-image size-large\"><img decoding=\"async\" data-id=\"26367\" src=\"https:\/\/react2020.eu\/wp-content\/uploads\/sites\/5\/2022\/09\/entradaSP22.jpg\" alt=\"\" class=\"wp-image-26367\"\/><\/figure>\n\n\n\n<figure class=\"wp-block-image size-large\"><img decoding=\"async\" data-id=\"26371\" src=\"https:\/\/react2020.eu\/wp-content\/uploads\/sites\/5\/2022\/09\/ROLLUP_REACT-768x1024.jpg\" alt=\"\" class=\"wp-image-26371\"\/><\/figure>\n<\/figure>\n\n\n\n<p>Des de la publicaci\u00f3 &#8220;Clean Energy Policy Statement for EU Islands&#8221; el 2017, les illes europees s&#8217;estan convertint en ambaixadors de la transici\u00f3 energ\u00e8tica i l&#8217;\u00fas eficient de les fonts d&#8217;energia, i REACT n&#8217;\u00e9s una part important amb els seus tres pilots que implementen solucions d&#8217;energia neta a La Graciosa, Carloforte i l&#8217;illa d&#8217;Aran.<\/p>\n\n\n\n<p><strong>Els socis del taller<\/strong><\/p>\n\n\n\n<p>Durant el taller Sustainable Places, 2022: &#8220;Accions europees cap a la descarbonitzaci\u00f3 de les illes geogr\u00e0fiques&#8221; els projectes germans (<a href=\"https:\/\/islander-project.eu\/\" target=\"_blank\" rel=\"noreferrer noopener\">ISLANDER<\/a>,  <a href=\"https:\/\/www.robinson-h2020.eu\/\" target=\"_blank\" rel=\"noreferrer noopener\">ROBINSON<\/a>,  <a href=\"https:\/\/www.gift-h2020.eu\/\" target=\"_blank\" rel=\"noreferrer noopener\">GIFT<\/a>) i altres projectes amb inquietuds similars (IANOS, INSULAE, NESOI, MAESHA) van explorar diferents temes relacionats amb les vies per aconseguir la descarbonitzaci\u00f3, els esquemes de finan\u00e7ament i la presentaci\u00f3 t\u00e8cnica i les lli\u00e7ons apreses dels projectes i els seus llocs pilot.<\/p>\n\n\n\n<figure class=\"wp-block-image size-full\"><img decoding=\"async\" src=\"https:\/\/react2020.eu\/wp-content\/uploads\/sites\/5\/2022\/09\/image.png\" alt=\"\" class=\"wp-image-26343\"\/><\/figure>\n\n\n\n<p><a href=\"https:\/\/www.linkedin.com\/company\/react-2020-project\/\" target=\"_blank\" rel=\"noopener\">El projecte REACT EU<\/a> va participar al taller Accions europees cap a la descarbonitzaci\u00f3 de les illes geogr\u00e0fiques amb <a href=\"https:\/\/www.linkedin.com\/in\/ACoAAATEDK0B8jRloz91GuSEJ30CVgc-wmccpro\" target=\"_blank\" rel=\"noopener\">Dana Abi Ghanem<\/a> de la <a href=\"https:\/\/www.linkedin.com\/company\/teesside-university\/\" target=\"_blank\" rel=\"noopener\">Universitat de Teesside<\/a> amb una presentaci\u00f3 sobre com pensem sobre els usuaris de resposta a la demanda i els reptes de relacionar-se amb ells de manera justa. Tamb\u00e9 <a href=\"https:\/\/www.linkedin.com\/in\/ACoAAAODNiQBtbGBTedWvyucYjf11uOeUtVP8Wk\" target=\"_blank\" rel=\"noopener\">Tracey Crosbie<\/a> (en l\u00ednia) i <a href=\"https:\/\/www.linkedin.com\/in\/ACoAAAdSbMwBslQ1qIvLjInKwKpRDqhjxZGkCvI\" target=\"_blank\" rel=\"noopener\">Michael Short<\/a> van presentar una investigaci\u00f3 titulada &#8220;Measuring the Gap: a statistical approach for online evaluation and forecasting of human participation in Demand Response&#8221;. Aix\u00ed doncs, hi ha hagut una bona representaci\u00f3 dels resultats del projecte a la confer\u00e8ncia.<\/p>\n\n\n\n<figure class=\"wp-block-gallery has-nested-images columns-default is-cropped wp-block-gallery-2 is-layout-flex wp-block-gallery-is-layout-flex\">\n<figure class=\"wp-block-image size-large\"><img decoding=\"async\" data-id=\"26347\" src=\"https:\/\/react2020.eu\/wp-content\/uploads\/sites\/5\/2022\/09\/1662708983776.jpeg\" alt=\"\" class=\"wp-image-26347\"\/><\/figure>\n\n\n\n<figure class=\"wp-block-image size-large\"><img decoding=\"async\" data-id=\"26351\" src=\"https:\/\/react2020.eu\/wp-content\/uploads\/sites\/5\/2022\/09\/1662708980026-1.jpeg\" alt=\"\" class=\"wp-image-26351\"\/><\/figure>\n<\/figure>\n\n\n\n<p><strong>Implicaci\u00f3 dels usuaris<\/strong><\/p>\n\n\n\n<p>Tot aix\u00f2 sense oblidar la implicaci\u00f3 de l&#8217;usuari. Sense la participaci\u00f3 de l&#8217;usuari i la comunitat, el cam\u00ed del projecte nom\u00e9s est\u00e0 a mig cam\u00ed. Hi ha moltes preguntes per abordar i reptes a afrontar quan es treballa a illes petites on de vegades la informaci\u00f3 que tenen els residents sobre l&#8217;energia neta o les comunitats energ\u00e8tiques no s&#8217;ent\u00e9n del tot. Aix\u00f2 forma part de les tasques necess\u00e0ries: durant el taller es van presentar nous plantejaments que complementen la participaci\u00f3 tradicional dels residents.<\/p>\n\n\n\n<p><strong>Els reptes de la innovaci\u00f3<\/strong> Va ser \u00fatil con\u00e8ixer els reptes de la gesti\u00f3 energ\u00e8tica. Entendre que l&#8217;energia cooperativa estalvia costos i augmenta l&#8217;efici\u00e8ncia. A m\u00e9s, va ser fascinant saber que els desenvolupaments tecnol\u00f2gics (nous materials, programari adaptat, etc.) s\u00f3n un repte per\u00f2 un aven\u00e7 en la innovaci\u00f3.<\/p>\n\n\n\n<figure class=\"wp-block-image size-full\"><img decoding=\"async\" src=\"https:\/\/react2020.eu\/wp-content\/uploads\/sites\/5\/2022\/09\/image-1.png\" alt=\"\" class=\"wp-image-26355\"\/><figcaption>Noves plaques solars amb transpar\u00e8ncia mitjana.<\/figcaption><\/figure>\n\n\n\n<p>Com sempre, la trobada ha estat un excel\u00b7lent aparador de projectes d&#8217;energia verda i una gran oportunitat per entrar en contacte amb resultats molt interessants i professionals fant\u00e0stics que ens emocionen i ens animen a seguir el cam\u00ed de la recerca i la innovaci\u00f3 d&#8217;energies netes.<\/p>\n\n\n\n<figure class=\"wp-block-gallery has-nested-images columns-default is-cropped wp-block-gallery-3 is-layout-flex wp-block-gallery-is-layout-flex\">\n<figure class=\"wp-block-image size-large\"><img decoding=\"async\" data-id=\"26375\" src=\"https:\/\/react2020.eu\/wp-content\/uploads\/sites\/5\/2022\/09\/GENERAL_PUBLICO_1-576x1024.jpg\" alt=\"\" class=\"wp-image-26375\"\/><\/figure>\n\n\n\n<figure class=\"wp-block-image size-large\"><img decoding=\"async\" data-id=\"26379\" src=\"https:\/\/react2020.eu\/wp-content\/uploads\/sites\/5\/2022\/09\/Cofeebreak_3-1024x576.jpg\" alt=\"\" class=\"wp-image-26379\"\/><\/figure>\n<\/figure>\n","protected":false},"excerpt":{"rendered":"<p>Durant la darrera edici\u00f3 de llocs sostenibles a Ni\u00e7a la setmana passada, REACT ha estat present mitjan\u00e7ant presentacions en tallers i l&#8217;assist\u00e8ncia d&#8217;alguns dels membres del projecte de R2M, COMET i Teesside University. Des de la publicaci\u00f3 &#8220;Clean Energy Policy Statement for EU Islands&#8221; el 2017, les illes europees s&#8217;estan convertint en ambaixadors de la [&hellip;]<\/p>\n","protected":false},"author":4,"featured_media":30755,"comment_status":"closed","ping_status":"closed","sticky":false,"template":"","format":"standard","meta":{"_acf_changed":false,"footnotes":""},"categories":[713],"tags":[],"class_list":["post-30763","post","type-post","status-publish","format-standard","has-post-thumbnail","hentry","category-react-ca"],"acf":[],"_links":{"self":[{"href":"https:\/\/comet.technology\/ca\/wp-json\/wp\/v2\/posts\/30763","targetHints":{"allow":["GET"]}}],"collection":[{"href":"https:\/\/comet.technology\/ca\/wp-json\/wp\/v2\/posts"}],"about":[{"href":"https:\/\/comet.technology\/ca\/wp-json\/wp\/v2\/types\/post"}],"author":[{"embeddable":true,"href":"https:\/\/comet.technology\/ca\/wp-json\/wp\/v2\/users\/4"}],"replies":[{"embeddable":true,"href":"https:\/\/comet.technology\/ca\/wp-json\/wp\/v2\/comments?post=30763"}],"version-history":[{"count":0,"href":"https:\/\/comet.technology\/ca\/wp-json\/wp\/v2\/posts\/30763\/revisions"}],"wp:featuredmedia":[{"embeddable":true,"href":"https:\/\/comet.technology\/ca\/wp-json\/wp\/v2\/media\/30755"}],"wp:attachment":[{"href":"https:\/\/comet.technology\/ca\/wp-json\/wp\/v2\/media?parent=30763"}],"wp:term":[{"taxonomy":"category","embeddable":true,"href":"https:\/\/comet.technology\/ca\/wp-json\/wp\/v2\/categories?post=30763"},{"taxonomy":"post_tag","embeddable":true,"href":"https:\/\/comet.technology\/ca\/wp-json\/wp\/v2\/tags?post=30763"}],"curies":[{"name":"wp","href":"https:\/\/api.w.org\/{rel}","templated":true}]}}