{"id":33128,"date":"2023-05-11T14:51:54","date_gmt":"2023-05-11T13:51:54","guid":{"rendered":"https:\/\/comet.technology\/?p=33128"},"modified":"2023-05-11T14:53:01","modified_gmt":"2023-05-11T13:53:01","slug":"1er-taller-de-soldac-durant-la-heat-powered-cycles-conference-2023","status":"publish","type":"post","link":"https:\/\/comet.technology\/ca\/2023\/05\/11\/1er-taller-de-soldac-durant-la-heat-powered-cycles-conference-2023\/","title":{"rendered":"1er taller de SolDAC durant la Heat Powered Cycles Conference 2023"},"content":{"rendered":"\n<h2 class=\"wp-block-heading has-text-align-center\"><strong>1er taller de SolDAC durant la Heat Powered Cycles Conference 2023<\/strong><\/h2>\n\n\n\n<p class=\"has-text-align-center has-medium-font-size\"><strong><sup>5<\/sup> de setembre de 2023<\/strong> a Edimburg, Esc\u00f2cia<\/p>\n\n\n\n<p class=\"has-text-align-center\"><strong>Taller especial sobre captaci\u00f3, emmagatzematge i conversi\u00f3 de carboni atmosf\u00e8ric directe<\/strong><\/p>\n\n\n\n<figure class=\"wp-block-image aligncenter size-large\"><img decoding=\"async\" src=\"https:\/\/soldac-project.eu\/wp-content\/uploads\/sites\/25\/2023\/05\/imagen-workshop1-1024x427.jpg\" alt=\"\" class=\"wp-image-30124\"\/><\/figure>\n\n\n\n<div style=\"height:50px\" aria-hidden=\"true\" class=\"wp-block-spacer\"><\/div>\n\n\n\n<p>La Universitat d&#8217;Edimburg acull aquest any la <a href=\"https:\/\/heatpoweredcycles.eng.ed.ac.uk\" target=\"_blank\" rel=\"noreferrer noopener\">Heat Powered Cycles Confe<\/a><a href=\"https:\/\/heatpoweredcycles.eng.ed.ac.uk\" target=\"_blank\" rel=\"noreferrer noopener nofollow\">r<\/a><a href=\"https:\/\/heatpoweredcycles.eng.ed.ac.uk\" target=\"_blank\" rel=\"noreferrer noopener\">ence 2023<\/a>, que tindr\u00e0 lloc a Edimburg del <sup>3<\/sup> al <sup>6<\/sup> de setembre.<\/p>\n\n\n\n<p>Enguany, la confer\u00e8ncia t\u00e9 com a tem\u00e0tica <em>La calor al nou sistema energ\u00e8tic.<\/em><\/p>\n\n\n\n<p>En el marc de la confer\u00e8ncia Heat Powered Cycles, el projecte SolDAC ha organitzat un taller especial sobre <em>captura, emmagatzematge i conversi\u00f3 directa de carboni atmosf\u00e8ric<\/em>, que cobreix els seg\u00fcents temes:<\/p>\n\n\n\n<ul class=\"wp-block-list\">\n<li>Sistemes avan\u00e7ats alimentats per calor d&#8217;absorci\u00f3 i\/o adsorci\u00f3<\/li>\n\n\n\n<li>Separaci\u00f3 de CO<sub>2<\/sub> amb calor de baix grau<\/li>\n\n\n\n<li>Materials i cicles avan\u00e7ats per a la captura de CO<sub>2<\/sub> adsortiu per calor<\/li>\n\n\n\n<li>Captaci\u00f3 directa d&#8217;aire mitjan\u00e7ant calor<\/li>\n\n\n\n<li>Emmagatzematge i\/o conversi\u00f3 de CO<sub>2<\/sub> a partir de processos de captura directa d&#8217;aire<\/li>\n\n\n\n<li>Processos innovadors per a la conversi\u00f3 de CO<sub>2<\/sub> en productes qu\u00edmics i\/o combustibles<\/li>\n<\/ul>\n\n\n\n<p>Altres projectes d&#8217;R+D que tamb\u00e9 participen en el taller s\u00f3n: <a href=\"https:\/\/www.ltt.rwth-aachen.de\/cms\/LTT\/Forschung\/Forschung-am-LTT\/Sorptionstechnologie\/Aktuelle-Projekte\/~thtdr\/DAC-TALES\/?lidx=1\" target=\"_blank\" rel=\"noreferrer noopener nofollow\">DAC-TALES<\/a>, <a href=\"https:\/\/prisma.hw.ac.uk\/\" target=\"_blank\" rel=\"noreferrer noopener nofollow\">PrISMa<\/a>, <a href=\"http:\/\/www.solar.sjtu.edu.cn\/shanghai-international-science-and-technology-cooperation-project-industrial-heat-pump-driven-dac-for-future-cities\/\" target=\"_blank\" rel=\"noreferrer noopener nofollow\">HPDAC<\/a>, M4D i <a href=\"https:\/\/www.hw.ac.uk\/news\/articles\/2022\/heriot-watt-awarded-2m-to-lead-ground.htm\" target=\"_blank\" rel=\"noreferrer noopener nofollow\">USorb-DAC<\/a>.<\/p>\n\n\n\n<p>Aquest primer taller es centrar\u00e0 en els conceptes de Direct Air Capture per a l&#8217;emmagatzematge i la conversi\u00f3 de carboni, per accelerar la R+D i promoure la trobada entre experts. T\u00e9 com a objectiu establir un f\u00f2rum animat de debat i treball en xarxa.<\/p>\n\n\n\n<p>Per obtenir m\u00e9s informaci\u00f3 sobre la confer\u00e8ncia de cicles alimentats per calor i el primer taller de SolDAC, feu clic <a href=\"https:\/\/heatpoweredcycles.eng.ed.ac.uk\/\" target=\"_blank\" rel=\"noreferrer noopener nofollow\">aqu\u00ed<\/a>. <\/p>\n","protected":false},"excerpt":{"rendered":"<p>1er taller de SolDAC durant la Heat Powered Cycles Conference 2023 5 de setembre de 2023 a Edimburg, Esc\u00f2cia Taller especial sobre captaci\u00f3, emmagatzematge i conversi\u00f3 de carboni atmosf\u00e8ric directe La Universitat d&#8217;Edimburg acull aquest any la Heat Powered Cycles Conference 2023, que tindr\u00e0 lloc a Edimburg del 3 al 6 de setembre. Enguany, la [&hellip;]<\/p>\n","protected":false},"author":4,"featured_media":33124,"comment_status":"closed","ping_status":"closed","sticky":false,"template":"","format":"standard","meta":{"_acf_changed":false,"footnotes":""},"categories":[742],"tags":[],"class_list":["post-33128","post","type-post","status-publish","format-standard","has-post-thumbnail","hentry","category-soldac-ca"],"acf":[],"_links":{"self":[{"href":"https:\/\/comet.technology\/ca\/wp-json\/wp\/v2\/posts\/33128","targetHints":{"allow":["GET"]}}],"collection":[{"href":"https:\/\/comet.technology\/ca\/wp-json\/wp\/v2\/posts"}],"about":[{"href":"https:\/\/comet.technology\/ca\/wp-json\/wp\/v2\/types\/post"}],"author":[{"embeddable":true,"href":"https:\/\/comet.technology\/ca\/wp-json\/wp\/v2\/users\/4"}],"replies":[{"embeddable":true,"href":"https:\/\/comet.technology\/ca\/wp-json\/wp\/v2\/comments?post=33128"}],"version-history":[{"count":0,"href":"https:\/\/comet.technology\/ca\/wp-json\/wp\/v2\/posts\/33128\/revisions"}],"wp:featuredmedia":[{"embeddable":true,"href":"https:\/\/comet.technology\/ca\/wp-json\/wp\/v2\/media\/33124"}],"wp:attachment":[{"href":"https:\/\/comet.technology\/ca\/wp-json\/wp\/v2\/media?parent=33128"}],"wp:term":[{"taxonomy":"category","embeddable":true,"href":"https:\/\/comet.technology\/ca\/wp-json\/wp\/v2\/categories?post=33128"},{"taxonomy":"post_tag","embeddable":true,"href":"https:\/\/comet.technology\/ca\/wp-json\/wp\/v2\/tags?post=33128"}],"curies":[{"name":"wp","href":"https:\/\/api.w.org\/{rel}","templated":true}]}}