{"id":34464,"date":"2024-01-25T09:52:32","date_gmt":"2024-01-25T08:52:32","guid":{"rendered":"https:\/\/comet.technology\/?p=34464"},"modified":"2024-01-25T09:53:23","modified_gmt":"2024-01-25T08:53:23","slug":"esdeveniments-circthread-de-mig-dia","status":"publish","type":"post","link":"https:\/\/comet.technology\/ca\/2024\/01\/25\/esdeveniments-circthread-de-mig-dia\/","title":{"rendered":"Esdeveniments CircThread de mig dia"},"content":{"rendered":"\n<p>En el context del projecte, s&#8217;han dissenyat una s\u00e8rie d&#8217;esdeveniments i s&#8217;han transformat en el que CircThread anomena esdeveniments de 1\/2 dia. Aquests esdeveniments tenen la intenci\u00f3 de posar totes les eines i la informaci\u00f3 de CircThread a disposici\u00f3 del p\u00fablic, les empreses i les parts interessades per mantenir els electrodom\u00e8stics en el cicle econ\u00f2mic m\u00e9s temps.<\/p>\n\n<p><a href=\"https:\/\/international.au.dk\/\" target=\"_blank\" rel=\"noreferrer noopener\">La Universitat d&#8217;Aarhus<\/a> organitza el primer esdeveniment juntament amb <a href=\"https:\/\/www.cleancluster.dk\/en\/\" target=\"_blank\" rel=\"noreferrer noopener\">CLEAN Cluster<\/a> i <a href=\"https:\/\/techcircle.dk\/english\/\" target=\"_blank\" rel=\"noreferrer noopener\">TECH Circle.<\/a><\/p>\n\n<h2 class=\"wp-block-heading\">Per qu\u00e8 un taller d&#8217;Economia Circular per a empreses?<\/h2>\n\n<p>El Pla d&#8217;Acci\u00f3 d&#8217;Economia Circular de la Uni\u00f3 Europea subratlla la transici\u00f3 imperativa d&#8217;un model econ\u00f2mic lineal a un model circular, que \u00e9s essencial per al creixement econ\u00f2mic i la resili\u00e8ncia a l&#8217;esgotament dels recursos. Com que l&#8217;economia circular continua sent un concepte relativament emergent, navegar per les seves complexitats presenta reptes empresarials.<\/p>\n\n<p>Per tant, cal proporcionar a les ind\u00fastries i empreses de Dinamarca i Europa informaci\u00f3 actualitzada sobre els \u00faltims desenvolupaments en el passaport de productes digitals, l&#8217;estandarditzaci\u00f3 i el disseny de productes dins de l&#8217;economia circular.<\/p>\n\n<h2 class=\"wp-block-heading\">Qu\u00e8 trobarem en aquest acte?<\/h2>\n\n<p>L&#8217;esdeveniment inclour\u00e0 tres tallers paral\u00b7lels a c\u00e0rrec d&#8217;experts del sector, que permetran als assistents participar activament.<\/p>\n\n<p>A m\u00e9s, dos ponents d&#8217;ind\u00fastries daneses compartiran els seus casos d&#8217;\u00e8xit sobre circularitat i sostenibilitat. L&#8217;esdeveniment conclou amb una sessi\u00f3 de networking amb begudes gratu\u00eftes.<\/p>\n\n<p>Les xerrades magistrals i la sessi\u00f3 de network nom\u00e9s estaran disponibles per als assistents presencials!<\/p>\n\n<h2 class=\"wp-block-heading\">Ind\u00fastries de refer\u00e8ncia daneses<\/h2>\n\n<h3 class=\"wp-block-heading\"><strong>Fundaci\u00f3 de la ind\u00fastria danesa<\/strong><\/h3>\n\n<p>Anders Ziegler Kusk dirigeix el Programa de Producci\u00f3 Sostenible de la <a href=\"https:\/\/industriensfond.dk\/\" target=\"_blank\" rel=\"noreferrer noopener\">Fundaci\u00f3 de la Ind\u00fastria Danesa.<\/a> La missi\u00f3 filantr\u00f2pica d&#8217;Anders i de la Fundaci\u00f3 \u00e9s construir ponts entre la sostenibilitat, la circularitat i la competitivitat al sector de les pimes dan\u00e8s mitjan\u00e7ant la mobilitzaci\u00f3 del coneixement, la innovaci\u00f3 i les habilitats i desenvolupant noves iniciatives per ajudar les empreses a convertir i adoptar nous models de negoci circulars. Anders t\u00e9 experi\u00e8ncia al govern i com a consultor en sostenibilitat, pol\u00edtica d&#8217;innovaci\u00f3, investigaci\u00f3 i educaci\u00f3.<\/p>\n\n<h3 class=\"wp-block-heading\"><strong>LEGO<\/strong><\/h3>\n\n<p>La doctora Anita Friis Sommer \u00e9s la directora d&#8217;operacions sostenibles del <a href=\"https:\/\/www.lego.com\/en-gb\/careers\/who-we-are\" target=\"_blank\" rel=\"noreferrer noopener\">grup LEGO<\/a> i lidera el cam\u00ed cap a les operacions d&#8217;impacte zero. La doctora Sommer parlar\u00e0 del nou enfocament del seu departament per reduir la petjada de carboni, la generaci\u00f3 de residus i el consum d&#8217;aigua.<\/p>\n\n<h2 class=\"wp-block-heading\">Estad\u00edstiques per compartir<\/h2>\n\n<ul class=\"wp-block-list\">\n<li>L&#8217;enfocament adoptat per fer que les operacions siguin m\u00e9s sostenibles, com ara permetre la col\u00b7laboraci\u00f3, els bucles d&#8217;aprenentatge r\u00e0pid i els m\u00e8todes de treball adaptatius.<\/li>\n\n\n\n<li>El paper de les noves tecnologies per aconseguir un impacte zero: energia verda, aprenentatge autom\u00e0tic, automatitzaci\u00f3, etc.<\/li>\n\n\n\n<li>Organitzar-se per a la sostenibilitat: garantir una guia i un marc centralitzats alhora que permeten als equips de f\u00e0briques locals implementar, aprendre i ampliar.<\/li>\n\n\n\n<li>El paper dels KPI de sostenibilitat: mesures basades en processos vs. mesures basades en valors i com guiar els comportaments sostenibles.<\/li>\n\n\n\n<li>Fomentar la conscienciaci\u00f3 i la implicaci\u00f3 dels empleats mitjan\u00e7ant campanyes; diferents maneres de contribuir i aconseguir el canvi.<\/li>\n<\/ul>\n\n<h2 class=\"wp-block-heading\">T&#8217;interessa assistir?<\/h2>\n\n<p>Tens tota la informaci\u00f3 <a href=\"https:\/\/circthread.com\/news-and-events\/workshops\/circular-economyfor-enterprises\/\" target=\"_blank\" rel=\"noreferrer noopener\">aqu\u00ed<\/a><\/p>\n\n<p>Recordeu que es tracta d&#8217;un acte presencial (tot i que podeu assistir en l\u00ednia de 10 a 11:30 CET).<\/p>\n\n<h2 class=\"wp-block-heading\">No t&#8217;ho perdis!<\/h2>\n\n<p>Si tens qualsevol pregunta o dubte, no dubtis a <a href=\"https:\/\/circthread.com\/contact-us\/\" target=\"_blank\" rel=\"noreferrer noopener\">contactar amb nosaltres<\/a><\/p>\n","protected":false},"excerpt":{"rendered":"<p>En el context del projecte, s&#8217;han dissenyat una s\u00e8rie d&#8217;esdeveniments i s&#8217;han transformat en el que CircThread anomena esdeveniments de 1\/2 dia. Aquests esdeveniments tenen la intenci\u00f3 de posar totes les eines i la informaci\u00f3 de CircThread a disposici\u00f3 del p\u00fablic, les empreses i les parts interessades per mantenir els electrodom\u00e8stics en el cicle econ\u00f2mic [&hellip;]<\/p>\n","protected":false},"author":4,"featured_media":34473,"comment_status":"closed","ping_status":"closed","sticky":false,"template":"","format":"standard","meta":{"_acf_changed":false,"footnotes":""},"categories":[720],"tags":[],"class_list":["post-34464","post","type-post","status-publish","format-standard","has-post-thumbnail","hentry","category-circthread-ca"],"acf":[],"_links":{"self":[{"href":"https:\/\/comet.technology\/ca\/wp-json\/wp\/v2\/posts\/34464","targetHints":{"allow":["GET"]}}],"collection":[{"href":"https:\/\/comet.technology\/ca\/wp-json\/wp\/v2\/posts"}],"about":[{"href":"https:\/\/comet.technology\/ca\/wp-json\/wp\/v2\/types\/post"}],"author":[{"embeddable":true,"href":"https:\/\/comet.technology\/ca\/wp-json\/wp\/v2\/users\/4"}],"replies":[{"embeddable":true,"href":"https:\/\/comet.technology\/ca\/wp-json\/wp\/v2\/comments?post=34464"}],"version-history":[{"count":3,"href":"https:\/\/comet.technology\/ca\/wp-json\/wp\/v2\/posts\/34464\/revisions"}],"predecessor-version":[{"id":34467,"href":"https:\/\/comet.technology\/ca\/wp-json\/wp\/v2\/posts\/34464\/revisions\/34467"}],"wp:featuredmedia":[{"embeddable":true,"href":"https:\/\/comet.technology\/ca\/wp-json\/wp\/v2\/media\/34473"}],"wp:attachment":[{"href":"https:\/\/comet.technology\/ca\/wp-json\/wp\/v2\/media?parent=34464"}],"wp:term":[{"taxonomy":"category","embeddable":true,"href":"https:\/\/comet.technology\/ca\/wp-json\/wp\/v2\/categories?post=34464"},{"taxonomy":"post_tag","embeddable":true,"href":"https:\/\/comet.technology\/ca\/wp-json\/wp\/v2\/tags?post=34464"}],"curies":[{"name":"wp","href":"https:\/\/api.w.org\/{rel}","templated":true}]}}