{"id":34479,"date":"2024-02-01T18:00:53","date_gmt":"2024-02-01T17:00:53","guid":{"rendered":"https:\/\/comet.technology\/?p=34479"},"modified":"2024-02-01T18:01:47","modified_gmt":"2024-02-01T17:01:47","slug":"scenarios-segona-ga-a-atenes","status":"publish","type":"post","link":"https:\/\/comet.technology\/ca\/2024\/02\/01\/scenarios-segona-ga-a-atenes\/","title":{"rendered":"SCENARIOS segona GA a Atenes"},"content":{"rendered":"\n<p>La setmana passada vam celebrar la segona assemblea general a Atenes on tots els paquets de treball han donat una actualitzaci\u00f3 de la feina feta fins ara. Resultats de dos anys de treball que inclou resultats i experi\u00e8ncies valuoses. Durant el primer dia, tots els socis que contribueixen amb tecnologia i dades a la LCA van participar en el taller d&#8217;explotaci\u00f3, mentre que al mat\u00ed es van fer sessions paral\u00b7leles de diferents paquets de treball per reunir-se i discutir els passos futurs.<\/p>\n\n<figure class=\"wp-block-gallery has-nested-images columns-default is-cropped wp-block-gallery-1 is-layout-flex wp-block-gallery-is-layout-flex\">\n<figure class=\"wp-block-image size-large\"><img decoding=\"async\" data-id=\"27378\" src=\"https:\/\/scenarios-project.eu\/wp-content\/uploads\/sites\/21\/2024\/02\/IMG_20240123_101325957-1024x768.jpg\" alt=\"\" class=\"wp-image-27378\"\/><\/figure>\n\n\n\n<figure class=\"wp-block-image size-large\"><img decoding=\"async\" data-id=\"27380\" src=\"https:\/\/scenarios-project.eu\/wp-content\/uploads\/sites\/21\/2024\/02\/IMG_20240123_101655448-1024x768.jpg\" alt=\"\" class=\"wp-image-27380\"\/><\/figure>\n\n\n\n<figure class=\"wp-block-image size-large\"><img decoding=\"async\" data-id=\"27379\" src=\"https:\/\/scenarios-project.eu\/wp-content\/uploads\/sites\/21\/2024\/02\/IMG_20240123_104917971-1024x768.jpg\" alt=\"\" class=\"wp-image-27379\"\/><\/figure>\n<\/figure>\n\n<p>El segon dia de la reuni\u00f3, la junta executiva es va reunir per prendre decisions importants sobre q\u00fcestions organitzatives i passos futurs a seguir per gestionar el projecte.<\/p>\n\n<figure class=\"wp-block-gallery has-nested-images columns-default is-cropped wp-block-gallery-2 is-layout-flex wp-block-gallery-is-layout-flex\">\n<figure class=\"wp-block-image size-large\"><img decoding=\"async\" data-id=\"27381\" src=\"https:\/\/scenarios-project.eu\/wp-content\/uploads\/sites\/21\/2024\/02\/IMG_20240124_105130036-768x1024.jpg\" alt=\"\" class=\"wp-image-27381\"\/><\/figure>\n\n\n\n<figure class=\"wp-block-image size-large\"><img decoding=\"async\" data-id=\"27382\" src=\"https:\/\/scenarios-project.eu\/wp-content\/uploads\/sites\/21\/2024\/02\/IMG_20240124_105200097-1024x768.jpg\" alt=\"\" class=\"wp-image-27382\"\/><\/figure>\n\n\n\n<figure class=\"wp-block-image size-large\"><img decoding=\"async\" data-id=\"27383\" src=\"https:\/\/scenarios-project.eu\/wp-content\/uploads\/sites\/21\/2024\/02\/IMG_20240124_105221584-1024x768.jpg\" alt=\"\" class=\"wp-image-27383\"\/><\/figure>\n<\/figure>\n\n<p>El tercer dia es va dedicar \u00edntegrament a presentar el progr\u00e9s en tots els paquets de treball, aix\u00ed com a converses amb el responsable del projecte. Els socis es van actualitzar sobre el m\u00e8tode anal\u00edtic desenvolupat al laboratori d&#8217;Alessandria per a l&#8217;an\u00e0lisi de PFAS en diferents matrius ambientals i biol\u00f2giques, alhora que tamb\u00e9 se&#8217;ns va informar sobre els aven\u00e7os en els llocs pilot entre altres actualitzacions.<\/p>\n\n<figure class=\"wp-block-gallery has-nested-images columns-default is-cropped wp-block-gallery-3 is-layout-flex wp-block-gallery-is-layout-flex\">\n<figure class=\"wp-block-image size-large\"><img decoding=\"async\" data-id=\"27387\" src=\"https:\/\/scenarios-project.eu\/wp-content\/uploads\/sites\/21\/2024\/02\/IMG_20240125_122246491-1024x768.jpg\" alt=\"\" class=\"wp-image-27387\"\/><\/figure>\n\n\n\n<figure class=\"wp-block-image size-large\"><img decoding=\"async\" data-id=\"27384\" src=\"https:\/\/scenarios-project.eu\/wp-content\/uploads\/sites\/21\/2024\/02\/IMG_20240125_122237852-1024x768.jpg\" alt=\"\" class=\"wp-image-27384\"\/><\/figure>\n\n\n\n<figure class=\"wp-block-image size-large\"><img decoding=\"async\" data-id=\"27385\" src=\"https:\/\/scenarios-project.eu\/wp-content\/uploads\/sites\/21\/2024\/02\/IMG_20240125_121956750-768x1024.jpg\" alt=\"\" class=\"wp-image-27385\"\/><\/figure>\n<\/figure>\n\n<p>Durant l&#8217;\u00faltim dia ens vam reunir per parlar d&#8217;una part de la prova i dels experiments amb embrions de peix zebra i c\u00e8l\u00b7lules embrion\u00e0ries i estem utilitzant l&#8217;analitzador Seahorse amb un analitzador metab\u00f2lic en temps real. Tamb\u00e9 estem utilitzant PCRs en temps real per a l&#8217;an\u00e0lisi molecular i la planificaci\u00f3 de les possibilitats de prova en peixos zebra, fetge cerebral i potser altres teixits per comprovar despr\u00e9s de la interfer\u00e8ncia del PFAS en les seves vides: fetge, ovaris, graelles cerebrals. En relaci\u00f3 al disseny experimental van sorgir diverses preguntes: quins s\u00f3n els millors teixits o els m\u00e9s recomanats per mesurar? Els homes i les dones es veuen afectats de la mateixa manera? Com afecta l&#8217;exposici\u00f3 a la transgeneraci\u00f3? La parada d&#8217;exposici\u00f3 afavoreix la recuperaci\u00f3? La farmacoquin\u00e8tica es pot beneficiar d&#8217;aquests experiments.<\/p>\n\n<figure class=\"wp-block-gallery has-nested-images columns-default is-cropped wp-block-gallery-4 is-layout-flex wp-block-gallery-is-layout-flex\">\n<figure class=\"wp-block-image size-large\"><img decoding=\"async\" data-id=\"27388\" src=\"https:\/\/scenarios-project.eu\/wp-content\/uploads\/sites\/21\/2024\/02\/IMG_20240126_101646436-1024x768.jpg\" alt=\"\" class=\"wp-image-27388\"\/><\/figure>\n\n\n\n<figure class=\"wp-block-image size-large\"><img decoding=\"async\" data-id=\"27389\" src=\"https:\/\/scenarios-project.eu\/wp-content\/uploads\/sites\/21\/2024\/02\/IMG_20240126_101928173_BURST000_COVER-768x1024.jpg\" alt=\"\" class=\"wp-image-27389\"\/><\/figure>\n<\/figure>\n\n<p>Moltes gr\u00e0cies als nostres companys de NTUA i NovaMechanics per organitzar la trobada.<\/p>\n","protected":false},"excerpt":{"rendered":"<p>La setmana passada vam celebrar la segona assemblea general a Atenes on tots els paquets de treball han donat una actualitzaci\u00f3 de la feina feta fins ara. Resultats de dos anys de treball que inclou resultats i experi\u00e8ncies valuoses. Durant el primer dia, tots els socis que contribueixen amb tecnologia i dades a la LCA [&hellip;]<\/p>\n","protected":false},"author":4,"featured_media":34484,"comment_status":"closed","ping_status":"closed","sticky":false,"template":"","format":"standard","meta":{"_acf_changed":false,"footnotes":""},"categories":[714],"tags":[],"class_list":["post-34479","post","type-post","status-publish","format-standard","has-post-thumbnail","hentry","category-scenarios-ca"],"acf":[],"_links":{"self":[{"href":"https:\/\/comet.technology\/ca\/wp-json\/wp\/v2\/posts\/34479","targetHints":{"allow":["GET"]}}],"collection":[{"href":"https:\/\/comet.technology\/ca\/wp-json\/wp\/v2\/posts"}],"about":[{"href":"https:\/\/comet.technology\/ca\/wp-json\/wp\/v2\/types\/post"}],"author":[{"embeddable":true,"href":"https:\/\/comet.technology\/ca\/wp-json\/wp\/v2\/users\/4"}],"replies":[{"embeddable":true,"href":"https:\/\/comet.technology\/ca\/wp-json\/wp\/v2\/comments?post=34479"}],"version-history":[{"count":1,"href":"https:\/\/comet.technology\/ca\/wp-json\/wp\/v2\/posts\/34479\/revisions"}],"predecessor-version":[{"id":34480,"href":"https:\/\/comet.technology\/ca\/wp-json\/wp\/v2\/posts\/34479\/revisions\/34480"}],"wp:featuredmedia":[{"embeddable":true,"href":"https:\/\/comet.technology\/ca\/wp-json\/wp\/v2\/media\/34484"}],"wp:attachment":[{"href":"https:\/\/comet.technology\/ca\/wp-json\/wp\/v2\/media?parent=34479"}],"wp:term":[{"taxonomy":"category","embeddable":true,"href":"https:\/\/comet.technology\/ca\/wp-json\/wp\/v2\/categories?post=34479"},{"taxonomy":"post_tag","embeddable":true,"href":"https:\/\/comet.technology\/ca\/wp-json\/wp\/v2\/tags?post=34479"}],"curies":[{"name":"wp","href":"https:\/\/api.w.org\/{rel}","templated":true}]}}