{"id":35662,"date":"2024-04-17T08:59:27","date_gmt":"2024-04-17T06:59:27","guid":{"rendered":"https:\/\/comet.technology\/?p=35662"},"modified":"2024-04-17T09:00:47","modified_gmt":"2024-04-17T07:00:47","slug":"hycool_it-primera-assemblea-general-a-barcelona","status":"publish","type":"post","link":"https:\/\/comet.technology\/ca\/2024\/04\/17\/hycool_it-primera-assemblea-general-a-barcelona\/","title":{"rendered":"Hycool_IT primera assemblea general a Barcelona"},"content":{"rendered":"\n<p>Durant els dies 15 i 16 d&#8217;abril vam celebrar la primera assemblea general a Barcelona. Com que el projecte est\u00e0 en els seus inicis, la majoria de les sessions es van dedicar a debatre q\u00fcestions t\u00e8cniques sobre la integraci\u00f3 de BIM, simbots i simulacions. Tamb\u00e9 hem dut a terme discussions sobre programari de simulaci\u00f3 i validaci\u00f3 del centre de dades, auditoria i an\u00e0lisi energ\u00e8tica del campus. Tamb\u00e9 es va parlar de l&#8217;an\u00e0lisi del consum de gas i el\u00e8ctric i d&#8217;un tema molt important de l&#8217;an\u00e0lisi del consum energ\u00e8tic de l&#8217;edifici i l&#8217;avaluaci\u00f3 del rendiment.   <\/p>\n\n<p>Vam mantenir debats sobre diversos temes importants:<\/p>\n\n<ul class=\"wp-block-list\">\n<li>Estrat\u00e8gies d&#8217;integraci\u00f3 de calor residual i valoritzaci\u00f3 energ\u00e8tica<\/li>\n\n\n\n<li>Debat sobre l&#8217;estrat\u00e8gia de control MILP<\/li>\n\n\n\n<li>Integraci\u00f3 de la calor residual i avaluaci\u00f3 econ\u00f2mica<\/li>\n\n\n\n<li>Debat sobre la virtualitzaci\u00f3 de servidors i la implementaci\u00f3 de Digital Twin<\/li>\n\n\n\n<li>Gesti\u00f3 de la temperatura i la humitat a la sala de servidors<\/li>\n\n\n\n<li>Debat sobre l&#8217;efici\u00e8ncia del centre de dades i la millora del sistema de refrigeraci\u00f3<\/li>\n\n\n\n<li>An\u00e0lisi de dades meteorol\u00f2giques i par\u00e0metres de simulaci\u00f3<\/li>\n\n\n\n<li>An\u00e0lisi del consum energ\u00e8tic de l&#8217;edifici i avaluaci\u00f3 del rendiment<\/li>\n<\/ul>\n\n<figure class=\"wp-block-gallery has-nested-images columns-default is-cropped wp-block-gallery-1 is-layout-flex wp-block-gallery-is-layout-flex\">\n<figure class=\"wp-block-image size-large\"><img decoding=\"async\" data-id=\"8741\" src=\"https:\/\/hycoolit-project.eu\/wp-content\/uploads\/sites\/29\/2024\/04\/05F0715B-0B1B-4167-B5C7-0B63AED49B5C-1024x768.jpg\" alt=\"\" class=\"wp-image-8741\"\/><\/figure>\n\n\n\n<figure class=\"wp-block-image size-large\"><img decoding=\"async\" data-id=\"8742\" src=\"https:\/\/hycoolit-project.eu\/wp-content\/uploads\/sites\/29\/2024\/04\/6CB138C8-51AE-40D1-BCB9-B6B74FF7F89D-1024x768.jpg\" alt=\"\" class=\"wp-image-8742\"\/><\/figure>\n<\/figure>\n\n<p><br\/>Hem estat explorant preguntes clau com ara:<br\/>* Com es pot optimitzar el sistema de refrigeraci\u00f3 mec\u00e0nica per a l&#8217;efici\u00e8ncia energ\u00e8tica?<br\/>* Quins s\u00f3n els intervals de temperatura i humitat recomanats per a les condicions ambientals internes del centre de dades?<br\/>* Quin \u00e9s l&#8217;estat i l&#8217;arquitectura del sistema de refrigeraci\u00f3 a la sala de servidors?<br\/>* Com es pot implementar la recuperaci\u00f3 de calor residual a la unitat de refrigeraci\u00f3?<br\/>* Quina \u00e9s l&#8217;estrat\u00e8gia actual de refrigeraci\u00f3 lliure i com afecta la recuperaci\u00f3 de la calor residual?<br\/>* Quins s\u00f3n els reptes i les possibilitats per a la integraci\u00f3 de la calor residual amb les xarxes t\u00e8rmiques de nova generaci\u00f3?<\/p>\n\n<figure class=\"wp-block-gallery has-nested-images columns-default is-cropped wp-block-gallery-2 is-layout-flex wp-block-gallery-is-layout-flex\">\n<figure class=\"wp-block-image size-large\"><img decoding=\"async\" data-id=\"8744\" src=\"https:\/\/hycoolit-project.eu\/wp-content\/uploads\/sites\/29\/2024\/04\/Unknown-2-1-1024x768.jpeg\" alt=\"\" class=\"wp-image-8744\"\/><\/figure>\n<\/figure>\n\n<p>Estigueu atents per obtenir m\u00e9s informaci\u00f3 i aven\u00e7os sobre el projecte.<\/p>\n","protected":false},"excerpt":{"rendered":"<p>Durant els dies 15 i 16 d&#8217;abril vam celebrar la primera assemblea general a Barcelona. Com que el projecte est\u00e0 en els seus inicis, la majoria de les sessions es van dedicar a debatre q\u00fcestions t\u00e8cniques sobre la integraci\u00f3 de BIM, simbots i simulacions. Tamb\u00e9 hem dut a terme discussions sobre programari de simulaci\u00f3 i [&hellip;]<\/p>\n","protected":false},"author":4,"featured_media":35669,"comment_status":"closed","ping_status":"closed","sticky":false,"template":"","format":"standard","meta":{"_acf_changed":false,"footnotes":""},"categories":[750],"tags":[],"class_list":["post-35662","post","type-post","status-publish","format-standard","has-post-thumbnail","hentry","category-hycool-it-ca"],"acf":[],"_links":{"self":[{"href":"https:\/\/comet.technology\/ca\/wp-json\/wp\/v2\/posts\/35662","targetHints":{"allow":["GET"]}}],"collection":[{"href":"https:\/\/comet.technology\/ca\/wp-json\/wp\/v2\/posts"}],"about":[{"href":"https:\/\/comet.technology\/ca\/wp-json\/wp\/v2\/types\/post"}],"author":[{"embeddable":true,"href":"https:\/\/comet.technology\/ca\/wp-json\/wp\/v2\/users\/4"}],"replies":[{"embeddable":true,"href":"https:\/\/comet.technology\/ca\/wp-json\/wp\/v2\/comments?post=35662"}],"version-history":[{"count":3,"href":"https:\/\/comet.technology\/ca\/wp-json\/wp\/v2\/posts\/35662\/revisions"}],"predecessor-version":[{"id":35665,"href":"https:\/\/comet.technology\/ca\/wp-json\/wp\/v2\/posts\/35662\/revisions\/35665"}],"wp:featuredmedia":[{"embeddable":true,"href":"https:\/\/comet.technology\/ca\/wp-json\/wp\/v2\/media\/35669"}],"wp:attachment":[{"href":"https:\/\/comet.technology\/ca\/wp-json\/wp\/v2\/media?parent=35662"}],"wp:term":[{"taxonomy":"category","embeddable":true,"href":"https:\/\/comet.technology\/ca\/wp-json\/wp\/v2\/categories?post=35662"},{"taxonomy":"post_tag","embeddable":true,"href":"https:\/\/comet.technology\/ca\/wp-json\/wp\/v2\/tags?post=35662"}],"curies":[{"name":"wp","href":"https:\/\/api.w.org\/{rel}","templated":true}]}}