{"id":39017,"date":"2026-08-31T12:15:10","date_gmt":"2026-08-31T10:15:10","guid":{"rendered":"https:\/\/comet.technology\/?p=39017"},"modified":"2026-08-31T12:16:11","modified_gmt":"2026-08-31T10:16:11","slug":"eusew2026","status":"publish","type":"post","link":"https:\/\/comet.technology\/ca\/2026\/08\/31\/eusew2026\/","title":{"rendered":"EUSEW2026"},"content":{"rendered":"\n<p class=\"wp-block-paragraph\"><strong><a href=\"https:\/\/sustainable-energy-week.ec.europa.eu\/eusew-2026-highlights_en\" target=\"_blank\" rel=\"noreferrer noopener\">La Setmana Europea de l&#8217;Energia Sostenible 2026 (EUSEW 2026)<\/a><\/strong> va tenir lloc del <strong>9 a l&#8217;11 de juny de 2026<\/strong> a <strong>Brussel\u00b7les, B\u00e8lgica,<\/strong> amb un format en l\u00ednia paral\u00b7lel. Aix\u00f2 va marcar el <strong>20\u00e8 aniversari <\/strong>de l&#8217;esdeveniment, que serveix com la principal reuni\u00f3 de la UE per a la comunitat de l&#8217;energia neta. Hycool_It va formar part de l&#8217;estand on SmartEnergyCluster va presentar els seus projectes BUILDON, BUILD-OSS, BUSINESS2ACT, EnerTEF, Enpower, ESCALATE, EU-TRACE, EVELIXIA Project, GiDomus, GINNGER, Hycool_IT, LEG-UP, LiveBetter, PVSmile, ReLIFE, REN+HOMES, Reschool, WILSON Project i Weforming. A m\u00e9s, Hycool_IT va formar part del seminari web \u00ab2COOL2WASTE Webinar_El futur de les solucions pr\u00e0ctiques d&#8217;efici\u00e8ncia energ\u00e8tica per a la recuperaci\u00f3 de calor i l&#8217;electrificaci\u00f3\u00bb. El <strong><a href=\"https:\/\/www.linkedin.com\/company\/2cool2waste\/\" target=\"_blank\" rel=\"noopener\">cl\u00faster de projectes 2cool2waste<\/a><\/strong> va reunir 8 projectes d&#8217;Horizon Europe per explorar solucions pr\u00e0ctiques que donin suport al futur de l&#8217;efici\u00e8ncia energ\u00e8tica, la descarbonitzaci\u00f3 industrial i les tecnologies NetZero..    <\/p>\n\n<figure class=\"wp-block-gallery has-nested-images columns-default is-cropped wp-block-gallery-1 is-layout-flex wp-block-gallery-is-layout-flex\">\n<figure class=\"wp-block-image size-large\"><img decoding=\"async\" data-id=\"9357\" src=\"https:\/\/hycoolit-project.eu\/wp-content\/uploads\/sites\/29\/2026\/08\/Captura-de-pantalla-2026-06-09-a-las-11.33.27-1024x574.png\" alt=\"\" class=\"wp-image-9357\"\/><\/figure>\n\n\n\n<figure class=\"wp-block-image size-large\"><img decoding=\"async\" data-id=\"9359\" src=\"https:\/\/hycoolit-project.eu\/wp-content\/uploads\/sites\/29\/2026\/08\/Captura-de-pantalla-2026-06-09-a-las-11.48.10-1024x574.png\" alt=\"\" class=\"wp-image-9359\"\/><\/figure>\n\n\n\n<figure class=\"wp-block-image size-large\"><img decoding=\"async\" data-id=\"9358\" src=\"https:\/\/hycoolit-project.eu\/wp-content\/uploads\/sites\/29\/2026\/08\/Captura-de-pantalla-2026-06-09-a-las-11.51.52-1024x574.png\" alt=\"\" class=\"wp-image-9358\"\/><\/figure>\n<\/figure>\n\n<p class=\"wp-block-paragraph\"><strong>Aspectes destacats<\/strong><\/p>\n\n<ul class=\"wp-block-list\">\n<li><strong>Tema<\/strong>: L&#8217;esdeveniment es va centrar en \u00abU<em>na Uni\u00f3 Energ\u00e8tica neta, segura i competitiva<\/em>\u00ab, abordant la independ\u00e8ncia energ\u00e8tica, el refor\u00e7 de la xarxa el\u00e8ctrica i la creaci\u00f3 d&#8217;un mercat \u00fanic d&#8217;electricitat enmig de la volatilitat mundial dels combustibles f\u00f2ssils.<br\/>.<\/li>\n\n\n\n<li><strong>Escala<\/strong>: Va atreure aproximadament <strong>10.000 participants<\/strong>, tant presencials com en l\u00ednia, amb 7 plen\u00e0ries d&#8217;alt nivell, 50 sessions pol\u00edtiques i una Fira de l&#8217;Energia.<br\/>.<\/li>\n\n\n\n<li><strong>Sessions principals:<\/strong>\n<ul class=\"wp-block-list\">\n<li>Una <strong>taula rodona especial del 20\u00e8 aniversari<\/strong> va tenir lloc el 9 de juny i va comptar amb excomissaris d&#8217;energia de la UE (Andris Piebalgs, G\u00fcnther Oettinger, Miguel Arias Ca\u00f1ete i Kadri Simson) juntament amb l&#8217;actual comissari <strong>Dan J\u00f8rgensen <\/strong>per reflexionar sobre dues d\u00e8cades de transici\u00f3 energ\u00e8tica.<\/li>\n\n\n\n<li>Entre els discursos principals hi van participar Enrico Letta (president de l&#8217;Institut Jacques Delors) i <strong>Dubravka \u0160uica<\/strong> (comiss\u00e0ria europea per a la Mediterr\u00e0nia).<\/li>\n<\/ul>\n<\/li>\n\n\n\n<li><strong>Temes principals<\/strong>: Els debats es van centrar en cinc pilars principals:\n<ul class=\"wp-block-list\">\n<li>Uni\u00f3 energ\u00e8tica competitiva i segura<\/li>\n\n\n\n<li>Assequibilitat energ\u00e8tica<\/li>\n\n\n\n<li>Energia renovable<\/li>\n\n\n\n<li>Efici\u00e8ncia energ\u00e8tica<\/li>\n\n\n\n<li>Descarbonitzaci\u00f3 i cooperaci\u00f3 internacional<br\/>.<\/li>\n<\/ul>\n<\/li>\n<\/ul>\n\n<figure class=\"wp-block-gallery has-nested-images columns-default is-cropped wp-block-gallery-2 is-layout-flex wp-block-gallery-is-layout-flex\">\n<figure class=\"wp-block-image size-large\"><img decoding=\"async\" data-id=\"9360\" src=\"https:\/\/hycoolit-project.eu\/wp-content\/uploads\/sites\/29\/2026\/08\/Captura-de-pantalla-2026-06-09-a-las-13.04.22-1024x570.png\" alt=\"\" class=\"wp-image-9360\"\/><\/figure>\n\n\n\n<figure class=\"wp-block-image size-large\"><img decoding=\"async\" data-id=\"9362\" src=\"https:\/\/hycoolit-project.eu\/wp-content\/uploads\/sites\/29\/2026\/08\/Captura-de-pantalla-2026-06-09-a-las-13.11.55-1024x570.png\" alt=\"\" class=\"wp-image-9362\"\/><\/figure>\n\n\n\n<figure class=\"wp-block-image size-large\"><img decoding=\"async\" data-id=\"9361\" src=\"https:\/\/hycoolit-project.eu\/wp-content\/uploads\/sites\/29\/2026\/08\/Captura-de-pantalla-2026-06-09-a-las-13.14.21-1024x570.png\" alt=\"\" class=\"wp-image-9361\"\/><\/figure>\n<\/figure>\n\n<p class=\"wp-block-paragraph\"><strong>Enfocament a la sostenibilitat<\/strong><\/p>\n\n<p class=\"wp-block-paragraph\">Fidel a la seva missi\u00f3, l&#8217;EUSEW 2026 es va organitzar com un <strong>esdeveniment sense paper<\/strong> amb un fort \u00e8mfasi en la reducci\u00f3 de la seva petjada ambiental. Les mesures van incloure: <\/p>\n\n<ul class=\"wp-block-list\">\n<li>Restauraci\u00f3 vegetal, local i de temporada per minimitzar el malbaratament alimentari.<\/li>\n\n\n\n<li>Eliminaci\u00f3 de pl\u00e0stics d&#8217;un sol \u00fas i gadgets promocionals.<\/li>\n\n\n\n<li>Reutilitzaci\u00f3 i reciclatge de materials d&#8217;esdeveniments com ara pancartes i xapes.<\/li>\n\n\n\n<li><br\/>.<\/li>\n<\/ul>\n\n<figure class=\"wp-block-gallery has-nested-images columns-default is-cropped wp-block-gallery-3 is-layout-flex wp-block-gallery-is-layout-flex\">\n<figure class=\"wp-block-image size-large\"><img decoding=\"async\" data-id=\"9363\" src=\"https:\/\/hycoolit-project.eu\/wp-content\/uploads\/sites\/29\/2026\/08\/EU-commissioners-EUSEW-2026-alongside-clean-energy-experts-1.jpg\" alt=\"\" class=\"wp-image-9363\"\/><\/figure>\n\n\n\n<figure class=\"wp-block-image size-large\"><img decoding=\"async\" data-id=\"9364\" src=\"https:\/\/hycoolit-project.eu\/wp-content\/uploads\/sites\/29\/2026\/08\/Captura-de-pantalla-2026-07-31-a-las-13.23.44-1024x501.png\" alt=\"\" class=\"wp-image-9364\"\/><\/figure>\n<\/figure>\n\n<p class=\"wp-block-paragraph\">L&#8217;esdeveniment tamb\u00e9 va celebrar noves iniciatives, com ara el llan\u00e7ament de la propera cohort de <strong>30 Joves Ambaixadors de l&#8217;Energia.<\/strong><\/p>\n\n<p class=\"wp-block-paragraph\">Estigueu atents per obtenir m\u00e9s informaci\u00f3 sobre els esdeveniments de Hycool_IT.<\/p>\n\n<p class=\"wp-block-paragraph\"><\/p>\n","protected":false},"excerpt":{"rendered":"<p>La Setmana Europea de l&#8217;Energia Sostenible 2026 (EUSEW 2026) va tenir lloc del 9 a l&#8217;11 de juny de 2026 a Brussel\u00b7les, B\u00e8lgica, amb un format en l\u00ednia paral\u00b7lel. Aix\u00f2 va marcar el 20\u00e8 aniversari de l&#8217;esdeveniment, que serveix com la principal reuni\u00f3 de la UE per a la comunitat de l&#8217;energia neta. Hycool_It va [&hellip;]<\/p>\n","protected":false},"author":4,"featured_media":39030,"comment_status":"closed","ping_status":"closed","sticky":false,"template":"","format":"standard","meta":{"_acf_changed":false,"footnotes":""},"categories":[750],"tags":[],"class_list":["post-39017","post","type-post","status-publish","format-standard","has-post-thumbnail","hentry","category-hycool-it-ca"],"acf":[],"_links":{"self":[{"href":"https:\/\/comet.technology\/ca\/wp-json\/wp\/v2\/posts\/39017","targetHints":{"allow":["GET"]}}],"collection":[{"href":"https:\/\/comet.technology\/ca\/wp-json\/wp\/v2\/posts"}],"about":[{"href":"https:\/\/comet.technology\/ca\/wp-json\/wp\/v2\/types\/post"}],"author":[{"embeddable":true,"href":"https:\/\/comet.technology\/ca\/wp-json\/wp\/v2\/users\/4"}],"replies":[{"embeddable":true,"href":"https:\/\/comet.technology\/ca\/wp-json\/wp\/v2\/comments?post=39017"}],"version-history":[{"count":3,"href":"https:\/\/comet.technology\/ca\/wp-json\/wp\/v2\/posts\/39017\/revisions"}],"predecessor-version":[{"id":39024,"href":"https:\/\/comet.technology\/ca\/wp-json\/wp\/v2\/posts\/39017\/revisions\/39024"}],"wp:featuredmedia":[{"embeddable":true,"href":"https:\/\/comet.technology\/ca\/wp-json\/wp\/v2\/media\/39030"}],"wp:attachment":[{"href":"https:\/\/comet.technology\/ca\/wp-json\/wp\/v2\/media?parent=39017"}],"wp:term":[{"taxonomy":"category","embeddable":true,"href":"https:\/\/comet.technology\/ca\/wp-json\/wp\/v2\/categories?post=39017"},{"taxonomy":"post_tag","embeddable":true,"href":"https:\/\/comet.technology\/ca\/wp-json\/wp\/v2\/tags?post=39017"}],"curies":[{"name":"wp","href":"https:\/\/api.w.org\/{rel}","templated":true}]}}