{"id":30759,"date":"2022-09-13T14:32:52","date_gmt":"2022-09-13T14:32:52","guid":{"rendered":"https:\/\/comet.technology\/?p=30759"},"modified":"2022-09-13T14:34:25","modified_gmt":"2022-09-13T14:34:25","slug":"react-en-lugares-sostenibles-2022","status":"publish","type":"post","link":"https:\/\/comet.technology\/es\/2022\/09\/13\/react-en-lugares-sostenibles-2022\/","title":{"rendered":"REACT en Lugares Sostenibles 2022"},"content":{"rendered":"\n<p>Durante la \u00faltima edici\u00f3n de los lugares sostenibles en Niza la semana pasada, REACT ha estado presente a trav\u00e9s de presentaciones en talleres y la asistencia de algunos de los miembros del proyecto de <a href=\"https:\/\/www.r2msolution.com\/\" target=\"_blank\" rel=\"noreferrer noopener\">R2M<\/a>, <a href=\"https:\/\/comet.technology\/es\/\" target=\"_blank\" rel=\"noreferrer noopener\">COMET<\/a> y la <a href=\"https:\/\/www.tees.ac.uk\/\" target=\"_blank\" rel=\"noreferrer noopener\">Universidad de Teesside.<\/a><\/p>\n\n\n\n<figure class=\"wp-block-gallery has-nested-images columns-default is-cropped wp-block-gallery-1 is-layout-flex wp-block-gallery-is-layout-flex\">\n<figure class=\"wp-block-image size-large\"><img decoding=\"async\" data-id=\"26367\" src=\"https:\/\/react2020.eu\/wp-content\/uploads\/sites\/5\/2022\/09\/entradaSP22.jpg\" alt=\"\" class=\"wp-image-26367\"\/><\/figure>\n\n\n\n<figure class=\"wp-block-image size-large\"><img decoding=\"async\" data-id=\"26371\" src=\"https:\/\/react2020.eu\/wp-content\/uploads\/sites\/5\/2022\/09\/ROLLUP_REACT-768x1024.jpg\" alt=\"\" class=\"wp-image-26371\"\/><\/figure>\n<\/figure>\n\n\n\n<p>Desde la publicaci\u00f3n de la \u00abDeclaraci\u00f3n de pol\u00edtica de energ\u00eda limpia para las islas de la UE\u00bb en 2017, las islas europeas se est\u00e1n convirtiendo en embajadoras de la transici\u00f3n energ\u00e9tica y el uso eficiente de las fuentes de energ\u00eda, y REACT es una parte importante de ello con sus tres proyectos piloto que implementan soluciones de energ\u00eda limpia en La Graciosa, Carloforte y la Isla de Ar\u00e1n.<\/p>\n\n\n\n<p><strong>Los socios del taller<\/strong><\/p>\n\n\n\n<p>Durante el taller Lugares Sostenibles, 2022: \u00abAcciones europeas hacia la descarbonizaci\u00f3n de islas geogr\u00e1ficas\u00bb los proyectos hermanos (<a href=\"https:\/\/islander-project.eu\/\" target=\"_blank\" rel=\"noreferrer noopener\">ISLANDER<\/a>,  <a href=\"https:\/\/www.robinson-h2020.eu\/\" target=\"_blank\" rel=\"noreferrer noopener\">ROBINSON<\/a>,  <a href=\"https:\/\/www.gift-h2020.eu\/\" target=\"_blank\" rel=\"noreferrer noopener\">GIFT<\/a>) y otros proyectos con inquietudes similares (IANOS, INSULAE, NESOI, MAESHA) exploraron diferentes temas relacionados con v\u00edas para lograr la descarbonizaci\u00f3n, esquemas de financiamiento y presentaci\u00f3n t\u00e9cnica y lecciones aprendidas de los proyectos y sus sitios piloto.<\/p>\n\n\n\n<figure class=\"wp-block-image size-full\"><img decoding=\"async\" src=\"https:\/\/react2020.eu\/wp-content\/uploads\/sites\/5\/2022\/09\/image.png\" alt=\"\" class=\"wp-image-26343\"\/><\/figure>\n\n\n\n<p><a href=\"https:\/\/www.linkedin.com\/company\/react-2020-project\/\" target=\"_blank\" rel=\"noopener\">REACT Project EU<\/a> particip\u00f3 en el taller Acciones europeas hacia la descarbonizaci\u00f3n de islas geogr\u00e1ficas con <a href=\"https:\/\/www.linkedin.com\/in\/ACoAAATEDK0B8jRloz91GuSEJ30CVgc-wmccpro\" target=\"_blank\" rel=\"noopener\">Dana Abi Ghanem<\/a> de la <a href=\"https:\/\/www.linkedin.com\/company\/teesside-university\/\" target=\"_blank\" rel=\"noopener\">Universidad de Teesside<\/a> con una presentaci\u00f3n sobre c\u00f3mo pensamos sobre los usuarios de la respuesta a la demanda y los desaf\u00edos de interactuar con ellos de manera justa. Tambi\u00e9n <a href=\"https:\/\/www.linkedin.com\/in\/ACoAAAODNiQBtbGBTedWvyucYjf11uOeUtVP8Wk\" target=\"_blank\" rel=\"noopener\">Tracey Crosbie<\/a> (en l\u00ednea) y <a href=\"https:\/\/www.linkedin.com\/in\/ACoAAAdSbMwBslQ1qIvLjInKwKpRDqhjxZGkCvI\" target=\"_blank\" rel=\"noopener\">Michael Short<\/a> estaban all\u00ed presentando una investigaci\u00f3n titulada \u00abMedir la brecha: un enfoque estad\u00edstico para la evaluaci\u00f3n y previsi\u00f3n en l\u00ednea de la participaci\u00f3n humana en la respuesta a la demanda\u00bb. As\u00ed que ha habido una buena representaci\u00f3n de los resultados del proyecto en la conferencia.<\/p>\n\n\n\n<figure class=\"wp-block-gallery has-nested-images columns-default is-cropped wp-block-gallery-2 is-layout-flex wp-block-gallery-is-layout-flex\">\n<figure class=\"wp-block-image size-large\"><img decoding=\"async\" data-id=\"26347\" src=\"https:\/\/react2020.eu\/wp-content\/uploads\/sites\/5\/2022\/09\/1662708983776.jpeg\" alt=\"\" class=\"wp-image-26347\"\/><\/figure>\n\n\n\n<figure class=\"wp-block-image size-large\"><img decoding=\"async\" data-id=\"26351\" src=\"https:\/\/react2020.eu\/wp-content\/uploads\/sites\/5\/2022\/09\/1662708980026-1.jpeg\" alt=\"\" class=\"wp-image-26351\"\/><\/figure>\n<\/figure>\n\n\n\n<p><strong>Compromiso del usuario<\/strong><\/p>\n\n\n\n<p>Todo ello sin olvidar el compromiso del usuario. Sin la participaci\u00f3n del usuario y la comunidad, el camino del proyecto est\u00e1 s\u00f3lo medio completo. Hay muchas preguntas que abordar y desaf\u00edos que enfrentar cuando se trabaja en islas peque\u00f1as donde, a veces, la informaci\u00f3n que tienen los residentes sobre energ\u00eda limpia o comunidades energ\u00e9ticas no se comprende por completo. Eso es parte de las tareas necesarias: durante el taller se presentaron nuevos enfoques que complementan el compromiso tradicional de los residentes.<\/p>\n\n\n\n<p><strong>Los desaf\u00edos de la innovaci\u00f3n<\/strong> Fue \u00fatil conocer los desaf\u00edos de la gesti\u00f3n energ\u00e9tica. Comprender que la energ\u00eda cooperativa ahorra costos y aumenta la eficiencia. Adem\u00e1s, fue fascinante saber que los desarrollos tecnol\u00f3gicos (nuevos materiales, software adaptado, etc.) son un desaf\u00edo pero un gran avance en la innovaci\u00f3n.<\/p>\n\n\n\n<figure class=\"wp-block-image size-full\"><img decoding=\"async\" src=\"https:\/\/react2020.eu\/wp-content\/uploads\/sites\/5\/2022\/09\/image-1.png\" alt=\"\" class=\"wp-image-26355\"\/><figcaption>Nuevos paneles solares con transparencia media.<\/figcaption><\/figure>\n\n\n\n<p>Como siempre el encuentro ha sido un excelente escaparate de proyectos de energ\u00edas verdes y una gran oportunidad para entrar en contacto con resultados muy interesantes y fant\u00e1sticos profesionales que nos emocionan y nos animan a seguir el camino de la investigaci\u00f3n y la innovaci\u00f3n en energ\u00edas limpias.<\/p>\n\n\n\n<figure class=\"wp-block-gallery has-nested-images columns-default is-cropped wp-block-gallery-3 is-layout-flex wp-block-gallery-is-layout-flex\">\n<figure class=\"wp-block-image size-large\"><img decoding=\"async\" data-id=\"26375\" src=\"https:\/\/react2020.eu\/wp-content\/uploads\/sites\/5\/2022\/09\/GENERAL_PUBLICO_1-576x1024.jpg\" alt=\"\" class=\"wp-image-26375\"\/><\/figure>\n\n\n\n<figure class=\"wp-block-image size-large\"><img decoding=\"async\" data-id=\"26379\" src=\"https:\/\/react2020.eu\/wp-content\/uploads\/sites\/5\/2022\/09\/Cofeebreak_3-1024x576.jpg\" alt=\"\" class=\"wp-image-26379\"\/><\/figure>\n<\/figure>\n","protected":false},"excerpt":{"rendered":"<p>Durante la \u00faltima edici\u00f3n de los lugares sostenibles en Niza la semana pasada, REACT ha estado presente a trav\u00e9s de presentaciones en talleres y la asistencia de algunos de los miembros del proyecto de R2M, COMET y la Universidad de Teesside. Desde la publicaci\u00f3n de la \u00abDeclaraci\u00f3n de pol\u00edtica de energ\u00eda limpia para las islas [&hellip;]<\/p>\n","protected":false},"author":4,"featured_media":30756,"comment_status":"closed","ping_status":"closed","sticky":false,"template":"","format":"standard","meta":{"_acf_changed":false,"footnotes":""},"categories":[25],"tags":[],"class_list":["post-30759","post","type-post","status-publish","format-standard","has-post-thumbnail","hentry","category-react"],"acf":[],"_links":{"self":[{"href":"https:\/\/comet.technology\/es\/wp-json\/wp\/v2\/posts\/30759","targetHints":{"allow":["GET"]}}],"collection":[{"href":"https:\/\/comet.technology\/es\/wp-json\/wp\/v2\/posts"}],"about":[{"href":"https:\/\/comet.technology\/es\/wp-json\/wp\/v2\/types\/post"}],"author":[{"embeddable":true,"href":"https:\/\/comet.technology\/es\/wp-json\/wp\/v2\/users\/4"}],"replies":[{"embeddable":true,"href":"https:\/\/comet.technology\/es\/wp-json\/wp\/v2\/comments?post=30759"}],"version-history":[{"count":0,"href":"https:\/\/comet.technology\/es\/wp-json\/wp\/v2\/posts\/30759\/revisions"}],"wp:featuredmedia":[{"embeddable":true,"href":"https:\/\/comet.technology\/es\/wp-json\/wp\/v2\/media\/30756"}],"wp:attachment":[{"href":"https:\/\/comet.technology\/es\/wp-json\/wp\/v2\/media?parent=30759"}],"wp:term":[{"taxonomy":"category","embeddable":true,"href":"https:\/\/comet.technology\/es\/wp-json\/wp\/v2\/categories?post=30759"},{"taxonomy":"post_tag","embeddable":true,"href":"https:\/\/comet.technology\/es\/wp-json\/wp\/v2\/tags?post=30759"}],"curies":[{"name":"wp","href":"https:\/\/api.w.org\/{rel}","templated":true}]}}