{"id":30839,"date":"2022-09-19T06:41:33","date_gmt":"2022-09-19T06:41:33","guid":{"rendered":"https:\/\/comet.technology\/?p=30839"},"modified":"2022-09-19T06:42:28","modified_gmt":"2022-09-19T06:42:28","slug":"bim4ren-en-sustainable-places-2022-taller-conjunto-sobre-digitalizacion-y-ola-de-renovacion","status":"publish","type":"post","link":"https:\/\/comet.technology\/es\/2022\/09\/19\/bim4ren-en-sustainable-places-2022-taller-conjunto-sobre-digitalizacion-y-ola-de-renovacion\/","title":{"rendered":"BIM4Ren en Sustainable Places 2022: Taller conjunto sobre digitalizaci\u00f3n y ola de renovaci\u00f3n"},"content":{"rendered":"\n<p>Del 6 al 9 de septiembre, los representantes de BIM4Ren se reunieron en Niza para asistir a la <a href=\"https:\/\/www.sustainableplaces.eu\/\" target=\"_blank\" rel=\"noreferrer noopener\">Conferencia Sustainable Places 2022<\/a> organizada por nuestro socio R2M Solution.<\/p>\n\n\n\n<p>Como parte de las actividades de la conferencia, BIM4Ren coorganiz\u00f3 el taller conjunto, en modo h\u00edbrido, con proyectos hermanos titulado \u201c<a href=\"https:\/\/www.sustainableplaces.eu\/digitization-and-the-renovation-wave\/\" target=\"_blank\" rel=\"noreferrer noopener\">La digitalizaci\u00f3n del sector de la construcci\u00f3n, un factor clave para la ola de renovaci\u00f3n<\/a>\u201d, que se llev\u00f3 a cabo el 7 de septiembre, de 10:15 a 11:45, y atrajo una sala llena de alrededor de 50 partes interesadas (m\u00e1s alrededor de 20 conectados en l\u00ednea).<\/p>\n\n\n\n<figure class=\"wp-block-image size-full\"><img decoding=\"async\" src=\"https:\/\/bim4ren.eu\/wp-content\/uploads\/sites\/9\/2022\/09\/image.jpeg\" alt=\"\" class=\"wp-image-25772\"\/><\/figure>\n\n\n\n<p>Durante el taller &#8211; moderado por Antoine Dugu\u00e9 (Nobatek\/BIM4Ren) -, Souheil Soubra (CSTB\/EU BIM Task Group), Timo Hartmann (TUB\/BIM-SPEED), Pedro M\u00eada (U.Porto\/GrowingCircle), Giorgios Giannakis (Hypertech \/BIMERR) y Pierre Bourreau (Nobatek\/BIM4Ren) expusieron sus ideas y retos sobre los procesos de rehabilitaci\u00f3n mediante BIM, compartiendo experiencias de primera mano de los proyectos.<\/p>\n\n\n\n<p>Despu\u00e9s del discurso introductorio de Souheil Soubra, quien present\u00f3 el contexto de la UE para BIM y la renovaci\u00f3n, los representantes del proyecto brindaron cuatro testimonios sobre el potencial de la digitalizaci\u00f3n para la ola de renovaci\u00f3n, en particular para alcanzar la eficiencia global del parque inmobiliario europeo, pero tambi\u00e9n para el aplicaci\u00f3n de los principios de la econom\u00eda circular.<\/p>\n\n\n\n<p>La atenci\u00f3n de la audiencia se centr\u00f3 en los comentarios proporcionados por los 4 proyectos, y se espera que se aceleren m\u00e1s desarrollos interesantes en \u00e1reas relacionadas con la eficiencia energ\u00e9tica en los pr\u00f3ximos meses.<\/p>\n\n\n\n<figure class=\"wp-block-image size-full\"><img decoding=\"async\" src=\"https:\/\/bim4ren.eu\/wp-content\/uploads\/sites\/9\/2022\/09\/image-1.jpeg\" alt=\"\" class=\"wp-image-25773\"\/><\/figure>\n\n\n\n<p>El taller tambi\u00e9n fue una excelente oportunidad para presentar la visi\u00f3n de BIM4Ren, como se describe en nuestro recientemente publicado <a href=\"https:\/\/www.linkedin.com\/feed\/hashtag\/?keywords=whitepaper&amp;highlightedUpdateUrns=urn%3Ali%3Aactivity%3A6975180258568208384\" target=\"_blank\" rel=\"noreferrer noopener\"><strong>#White Paper<\/strong><\/a><strong> sobre BIM y Rehabilitaci\u00f3n \u2013 \u201cInnovaci\u00f3n para un futuro mejor<\/strong>\u00bb (disponible <a href=\"https:\/\/bim4ren.eu\/download\/bim4ren-white-paper-interactive-version)\" target=\"_blank\" rel=\"noreferrer noopener\">en este link<\/a>) y para ilustrar algunas de las herramientas B4R, que se incluir\u00e1n en la plataforma BIM4Ren, que se lanzar\u00e1 pr\u00f3ximamente.<\/p>\n","protected":false},"excerpt":{"rendered":"<p>Del 6 al 9 de septiembre, los representantes de BIM4Ren se reunieron en Niza para asistir a la Conferencia Sustainable Places 2022 organizada por nuestro socio R2M Solution. Como parte de las actividades de la conferencia, BIM4Ren coorganiz\u00f3 el taller conjunto, en modo h\u00edbrido, con proyectos hermanos titulado \u201cLa digitalizaci\u00f3n del sector de la construcci\u00f3n, [&hellip;]<\/p>\n","protected":false},"author":4,"featured_media":30837,"comment_status":"closed","ping_status":"closed","sticky":false,"template":"","format":"standard","meta":{"_acf_changed":false,"footnotes":""},"categories":[389],"tags":[],"class_list":["post-30839","post","type-post","status-publish","format-standard","has-post-thumbnail","hentry","category-bim4ren"],"acf":[],"_links":{"self":[{"href":"https:\/\/comet.technology\/es\/wp-json\/wp\/v2\/posts\/30839","targetHints":{"allow":["GET"]}}],"collection":[{"href":"https:\/\/comet.technology\/es\/wp-json\/wp\/v2\/posts"}],"about":[{"href":"https:\/\/comet.technology\/es\/wp-json\/wp\/v2\/types\/post"}],"author":[{"embeddable":true,"href":"https:\/\/comet.technology\/es\/wp-json\/wp\/v2\/users\/4"}],"replies":[{"embeddable":true,"href":"https:\/\/comet.technology\/es\/wp-json\/wp\/v2\/comments?post=30839"}],"version-history":[{"count":0,"href":"https:\/\/comet.technology\/es\/wp-json\/wp\/v2\/posts\/30839\/revisions"}],"wp:featuredmedia":[{"embeddable":true,"href":"https:\/\/comet.technology\/es\/wp-json\/wp\/v2\/media\/30837"}],"wp:attachment":[{"href":"https:\/\/comet.technology\/es\/wp-json\/wp\/v2\/media?parent=30839"}],"wp:term":[{"taxonomy":"category","embeddable":true,"href":"https:\/\/comet.technology\/es\/wp-json\/wp\/v2\/categories?post=30839"},{"taxonomy":"post_tag","embeddable":true,"href":"https:\/\/comet.technology\/es\/wp-json\/wp\/v2\/tags?post=30839"}],"curies":[{"name":"wp","href":"https:\/\/api.w.org\/{rel}","templated":true}]}}