{"id":31993,"date":"2022-11-23T17:26:52","date_gmt":"2022-11-23T16:26:52","guid":{"rendered":"https:\/\/comet.technology\/?p=31993"},"modified":"2022-11-23T17:28:15","modified_gmt":"2022-11-23T16:28:15","slug":"8a-asamblea-general-de-react-en-viena","status":"publish","type":"post","link":"https:\/\/comet.technology\/es\/2022\/11\/23\/8a-asamblea-general-de-react-en-viena\/","title":{"rendered":"8\u00aa Asamblea General de REACT en Viena"},"content":{"rendered":"\n<p>La semana pasada, los d\u00edas 16 y 17, el consorcio REACT se reuni\u00f3 en Viena en las instalaciones de AIT para la 8\u00aa Asamblea General. El proyecto se centra en la independencia energ\u00e9tica que va de la mano con la transici\u00f3n energ\u00e9tica, la gesti\u00f3n de la energ\u00eda y la creaci\u00f3n en una etapa posterior de comunidades energ\u00e9ticas que pueden gestionar su generaci\u00f3n y distribuci\u00f3n de energ\u00eda actual.<\/p>\n\n\n\n<p>Durante esos dos d\u00edas se presentaron los avances del proyecto. Los avances en la aplicaci\u00f3n han sido r\u00e1pidos y hay muchas preguntas que a\u00fan deben pulirse a pesar de que la mayor\u00eda de los objetivos del proyecto se han logrado hasta ahora.<\/p>\n\n\n\n<p>Recibimos feedback de las 3 comunidades insulares de las islas de Aran, Carloforte y La Graciosa y sus percepciones y avances realizados \u00faltimamente en el proyecto.<\/p>\n\n\n\n<figure class=\"wp-block-gallery has-nested-images columns-default is-cropped wp-block-gallery-1 is-layout-flex wp-block-gallery-is-layout-flex\">\n<figure class=\"wp-block-image size-large\"><img decoding=\"async\" data-id=\"26491\" src=\"https:\/\/react2020.eu\/wp-content\/uploads\/sites\/5\/2022\/11\/groupPhoto-1024x768.jpg\" alt=\"\" class=\"wp-image-26491\"\/><\/figure>\n\n\n\n<figure class=\"wp-block-image size-large\"><img decoding=\"async\" data-id=\"26495\" src=\"https:\/\/react2020.eu\/wp-content\/uploads\/sites\/5\/2022\/11\/sala1-1024x768.jpg\" alt=\"\" class=\"wp-image-26495\"\/><\/figure>\n\n\n\n<figure class=\"wp-block-image size-large\"><img decoding=\"async\" data-id=\"26499\" src=\"https:\/\/react2020.eu\/wp-content\/uploads\/sites\/5\/2022\/11\/sala-1024x768.jpg\" alt=\"\" class=\"wp-image-26499\"\/><\/figure>\n<\/figure>\n\n\n\n<p>Discutimos sobre las herramientas de pron\u00f3stico y su uso, los m\u00e9todos de optimizaci\u00f3n, el modelo de caja gris\/negra, problemas sobre la operaci\u00f3n de la red y la detecci\u00f3n de fallas. Tambi\u00e9n discutimos largamente sobre los controladores de activos de energ\u00eda.<\/p>\n\n\n\n<p>Hay varios puntos que se destacaron de las charlas y presentaciones:<\/p>\n\n\n\n<p>Estamos pensando en cu\u00e1n importante es comparar la situaci\u00f3n en el sitio piloto antes y despu\u00e9s del desarrollo de REACT, por lo que necesitamos comparar todos los datos recopilados.<\/p>\n\n\n\n<p>Reforzar la colaboraci\u00f3n con los operadores de redes locales en estos \u00faltimos meses que se avecinan es un paso adelante muy importante y necesario.<\/p>\n\n\n\n<p>Tambi\u00e9n debemos esforzarnos por promover la implementaci\u00f3n de las soluciones entre la poblaci\u00f3n en general, especialmente considerando la flexibilizaci\u00f3n del mercado energ\u00e9tico en el futuro.<\/p>\n\n\n\n<p>La difusi\u00f3n de las lecciones aprendidas del proyecto y la formaci\u00f3n de los usuarios finales son otros dos objetivos para el futuro pr\u00f3ximo.<\/p>\n\n\n\n<figure class=\"wp-block-gallery has-nested-images columns-default is-cropped wp-block-gallery-2 is-layout-flex wp-block-gallery-is-layout-flex\">\n<figure class=\"wp-block-image size-large\"><img decoding=\"async\" data-id=\"26511\" src=\"https:\/\/react2020.eu\/wp-content\/uploads\/sites\/5\/2022\/11\/San-Pietro-1024x768.jpg\" alt=\"\" class=\"wp-image-26511\"\/><\/figure>\n\n\n\n<figure class=\"wp-block-image size-large\"><img decoding=\"async\" data-id=\"26507\" src=\"https:\/\/react2020.eu\/wp-content\/uploads\/sites\/5\/2022\/11\/IMG_20221117_130751257-1024x768.jpg\" alt=\"\" class=\"wp-image-26507\"\/><\/figure>\n\n\n\n<figure class=\"wp-block-image size-large\"><img decoding=\"async\" data-id=\"26503\" src=\"https:\/\/react2020.eu\/wp-content\/uploads\/sites\/5\/2022\/11\/SaraFausto-1024x768.jpg\" alt=\"\" class=\"wp-image-26503\"\/><\/figure>\n<\/figure>\n\n\n\n<p>Tenemos que agradecer al equipo de <a href=\"https:\/\/www.ait.ac.at\/en\/\" target=\"_blank\" rel=\"noreferrer noopener\">AIT<\/a> -y en especial a <a href=\"https:\/\/www.linkedin.com\/in\/stefan-uebermasser\/\" target=\"_blank\" rel=\"noreferrer noopener\">Stefan \u00dcbermasser<\/a>&#8211; por albergar el evento y hacer que la reuni\u00f3n fuera muy amena, y tambi\u00e9n por la interesante visita que tuvimos al laboratorio en las instalaciones de AIT, donde aprendimos mucho sobre almacenamiento de energ\u00eda y posibilidades de red.<\/p>\n","protected":false},"excerpt":{"rendered":"<p>La semana pasada, los d\u00edas 16 y 17, el consorcio REACT se reuni\u00f3 en Viena en las instalaciones de AIT para la 8\u00aa Asamblea General. El proyecto se centra en la independencia energ\u00e9tica que va de la mano con la transici\u00f3n energ\u00e9tica, la gesti\u00f3n de la energ\u00eda y la creaci\u00f3n en una etapa posterior de [&hellip;]<\/p>\n","protected":false},"author":4,"featured_media":32001,"comment_status":"closed","ping_status":"closed","sticky":false,"template":"","format":"standard","meta":{"_acf_changed":false,"footnotes":""},"categories":[25],"tags":[],"class_list":["post-31993","post","type-post","status-publish","format-standard","has-post-thumbnail","hentry","category-react"],"acf":[],"_links":{"self":[{"href":"https:\/\/comet.technology\/es\/wp-json\/wp\/v2\/posts\/31993","targetHints":{"allow":["GET"]}}],"collection":[{"href":"https:\/\/comet.technology\/es\/wp-json\/wp\/v2\/posts"}],"about":[{"href":"https:\/\/comet.technology\/es\/wp-json\/wp\/v2\/types\/post"}],"author":[{"embeddable":true,"href":"https:\/\/comet.technology\/es\/wp-json\/wp\/v2\/users\/4"}],"replies":[{"embeddable":true,"href":"https:\/\/comet.technology\/es\/wp-json\/wp\/v2\/comments?post=31993"}],"version-history":[{"count":0,"href":"https:\/\/comet.technology\/es\/wp-json\/wp\/v2\/posts\/31993\/revisions"}],"wp:featuredmedia":[{"embeddable":true,"href":"https:\/\/comet.technology\/es\/wp-json\/wp\/v2\/media\/32001"}],"wp:attachment":[{"href":"https:\/\/comet.technology\/es\/wp-json\/wp\/v2\/media?parent=31993"}],"wp:term":[{"taxonomy":"category","embeddable":true,"href":"https:\/\/comet.technology\/es\/wp-json\/wp\/v2\/categories?post=31993"},{"taxonomy":"post_tag","embeddable":true,"href":"https:\/\/comet.technology\/es\/wp-json\/wp\/v2\/tags?post=31993"}],"curies":[{"name":"wp","href":"https:\/\/api.w.org\/{rel}","templated":true}]}}