{"id":35935,"date":"2024-09-04T17:39:03","date_gmt":"2024-09-04T15:39:03","guid":{"rendered":"https:\/\/comet.technology\/?p=35935"},"modified":"2024-09-04T17:41:55","modified_gmt":"2024-09-04T15:41:55","slug":"taller-de-korsor-remediacion-de-pfas-en-accion-soluciones-sostenibles-y-condiciones-de-aceptacion","status":"publish","type":"post","link":"https:\/\/comet.technology\/es\/2024\/09\/04\/taller-de-korsor-remediacion-de-pfas-en-accion-soluciones-sostenibles-y-condiciones-de-aceptacion\/","title":{"rendered":"Taller de Kors\u00f6r: \u201cRemediaci\u00f3n de PFAS en acci\u00f3n: soluciones sostenibles y condiciones de aceptaci\u00f3n\u201d"},"content":{"rendered":"\n<p>El 3 y 4 de septiembre, el proyecto celebr\u00f3 dos talleres con el t\u00edtulo \u201cRemediaci\u00f3n de PFAS en acci\u00f3n: soluciones sostenibles y condiciones de aceptaci\u00f3n\u201d con expertos de todo el mundo como ponentes y asistentes. El coordinador del proyecto, el profesor Francesco Dondero de la <a href=\"https:\/\/www.uniupo.it\/it\" target=\"_blank\" rel=\"noopener\">Universit\u00e0 degli Studi del Piemonte Orientale<\/a>, inaugur\u00f3 el evento y nos dio a conocer sus puntos de vista sobre los desaf\u00edos actuales de los <strong>#PFAS<\/strong>: los tres nudos de la detecci\u00f3n, la evaluaci\u00f3n del impacto y la remediaci\u00f3n. <\/p>\n\n<figure class=\"wp-block-gallery has-nested-images columns-default is-cropped wp-block-gallery-1 is-layout-flex wp-block-gallery-is-layout-flex\">\n<figure class=\"wp-block-image size-large\"><img decoding=\"async\" data-id=\"27630\" src=\"https:\/\/scenarios-project.eu\/wp-content\/uploads\/sites\/21\/2024\/09\/francesco-1024x768.jpeg\" alt=\"\" class=\"wp-image-27630\"\/><\/figure>\n\n\n\n<figure class=\"wp-block-image size-large\"><img decoding=\"async\" data-id=\"27631\" src=\"https:\/\/scenarios-project.eu\/wp-content\/uploads\/sites\/21\/2024\/09\/francesco3.jpeg\" alt=\"\" class=\"wp-image-27631\"\/><\/figure>\n\n\n\n<figure class=\"wp-block-image size-large\"><img decoding=\"async\" data-id=\"27629\" src=\"https:\/\/scenarios-project.eu\/wp-content\/uploads\/sites\/21\/2024\/09\/francesco4-1024x768.jpeg\" alt=\"\" class=\"wp-image-27629\"\/><\/figure>\n<\/figure>\n\n<p>El profesor Ofer Dahan, de la <a href=\"https:\/\/www.benyoav.com\/\" target=\"_blank\" rel=\"noopener\">Universidad Ben-Gurion del N\u00e9guev<\/a>, pronunci\u00f3 un discurso titulado \u201cM\u00e1s all\u00e1 de la detecci\u00f3n convencional de PFAS: sistema VMS\u201d, seguido de Jamie Dawson, de <a href=\"https:\/\/www.puraffinity.com\/\" target=\"_blank\" rel=\"noopener\">Puraffinity<\/a>, que habl\u00f3 sobre Puratech, un nuevo medio de adsorci\u00f3n para PFAS. Helena Hinrichsen, de <a href=\"https:\/\/envytech.se\/\" target=\"_blank\" rel=\"noopener\">Envytech Solutions AB<\/a>, habl\u00f3 sobre una soluci\u00f3n innovadora y sostenible para la remediaci\u00f3n de PFAS: la fracci\u00f3n de espuma activa superficial (SAFF), y su colega Say Svanstr\u00f6m present\u00f3 los resultados obtenidos en el sitio de demostraci\u00f3n de Korsor. Justo antes de la pausa para el caf\u00e9, Christos Aggelopoulos, de la <a href=\"https:\/\/www.iceht.forth.gr\/\" target=\"_blank\" rel=\"noopener\">Fundaci\u00f3n para la Investigaci\u00f3n y la Tecnolog\u00eda de Hellas (FORTH)<\/a>, dio una charla a distancia con el t\u00edtulo \u201cUn camino prometedor para la destrucci\u00f3n de PFAS: plasma atmosf\u00e9rico fr\u00edo\u201d.  <\/p>\n\n<figure class=\"wp-block-gallery has-nested-images columns-default is-cropped wp-block-gallery-2 is-layout-flex wp-block-gallery-is-layout-flex\">\n<figure class=\"wp-block-image size-large\"><img decoding=\"async\" data-id=\"27636\" src=\"https:\/\/scenarios-project.eu\/wp-content\/uploads\/sites\/21\/2024\/09\/ofer-1-1024x792.png\" alt=\"\" class=\"wp-image-27636\"\/><\/figure>\n\n\n\n<figure class=\"wp-block-image size-large\"><img decoding=\"async\" data-id=\"27638\" src=\"https:\/\/scenarios-project.eu\/wp-content\/uploads\/sites\/21\/2024\/09\/Helena-1-1024x636.png\" alt=\"\" class=\"wp-image-27638\"\/><\/figure>\n\n\n\n<figure class=\"wp-block-image size-large\"><img decoding=\"async\" data-id=\"27635\" src=\"https:\/\/scenarios-project.eu\/wp-content\/uploads\/sites\/21\/2024\/09\/Say-768x1024.jpeg\" alt=\"\" class=\"wp-image-27635\"\/><\/figure>\n\n\n\n<figure class=\"wp-block-image size-large\"><img decoding=\"async\" data-id=\"27637\" src=\"https:\/\/scenarios-project.eu\/wp-content\/uploads\/sites\/21\/2024\/09\/Christos2-1-1024x667.png\" alt=\"\" class=\"wp-image-27637\"\/><\/figure>\n<\/figure>\n\n<p>Rick Gillespie de <a href=\"https:\/\/revive-environmental.com\/\" target=\"_blank\" rel=\"noopener\">Revive Environmental<\/a> expuso de forma remota sobre la destrucci\u00f3n de PFAS mediante SCWO: aplicaci\u00f3n comercial para AFFF y lixiviados de vertederos, seguido por Brian Pinkard de <a href=\"https:\/\/www.aquagga.com\/\" target=\"_blank\" rel=\"noopener\">Aquagga Inc<\/a>. que present\u00f3 el tratamiento alcalino hidrotermal (HALT) para la destrucci\u00f3n de PFAS. Meng Wang de Enspired Solutions present\u00f3 \u201cPFASigatorTM: tecnolog\u00eda de desfluoraci\u00f3n reductora fotoactivada de PFAS de <a href=\"https:\/\/www.enspiredsolutions.com\/\" target=\"_blank\" rel=\"noopener\">Enspired Solutions<\/a>\u201d. Y antes de la pausa para el almuerzo, Natividad Navarro de la <a href=\"https:\/\/www.uclm.es\/\" target=\"_blank\" rel=\"noopener\">Universidad de Castilla-La Mancha<\/a> habl\u00f3 sobre el impacto de las sustancias perfluoroalquiladas y polifluoroalquiladas en el funcionamiento del suelo: desarrollo de estrategias de remediaci\u00f3n de base biol\u00f3gica.  <\/p>\n\n<figure class=\"wp-block-gallery has-nested-images columns-default is-cropped wp-block-gallery-3 is-layout-flex wp-block-gallery-is-layout-flex\">\n<figure class=\"wp-block-image size-large\"><img decoding=\"async\" data-id=\"27640\" src=\"https:\/\/scenarios-project.eu\/wp-content\/uploads\/sites\/21\/2024\/09\/rick1-1024x705.png\" alt=\"\" class=\"wp-image-27640\"\/><\/figure>\n\n\n\n<figure class=\"wp-block-image size-large\"><img decoding=\"async\" data-id=\"27639\" src=\"https:\/\/scenarios-project.eu\/wp-content\/uploads\/sites\/21\/2024\/09\/brian-1024x495.png\" alt=\"\" class=\"wp-image-27639\"\/><\/figure>\n\n\n\n<figure class=\"wp-block-image size-large\"><img decoding=\"async\" data-id=\"27641\" src=\"https:\/\/scenarios-project.eu\/wp-content\/uploads\/sites\/21\/2024\/09\/Meng2-1024x532.png\" alt=\"\" class=\"wp-image-27641\"\/><\/figure>\n\n\n\n<figure class=\"wp-block-image size-large\"><img decoding=\"async\" data-id=\"27642\" src=\"https:\/\/scenarios-project.eu\/wp-content\/uploads\/sites\/21\/2024\/09\/Natibel3-1024x680.png\" alt=\"\" class=\"wp-image-27642\"\/><\/figure>\n<\/figure>\n\n<p>La segunda sesi\u00f3n comenz\u00f3 con Mihaela Mirea Candea, que trabaja en <a href=\"https:\/\/lomartov.com\/\" target=\"_blank\" rel=\"noopener\">Lomartov<\/a>, presentando los resultados preliminares de aceptaci\u00f3n social de SCENARIOS, seguida por Thomais Vlachogianni, de la Oficina de Informaci\u00f3n Mediterr\u00e1nea para el Medio Ambiente, la Cultura y el Desarrollo Sostenible, sobre los desaf\u00edos y oportunidades para reducir las emisiones de PFAS: el enfoque SOS ZEROPOL2030 y los conocimientos de Living Labs.<\/p>\n\n<figure class=\"wp-block-gallery has-nested-images columns-default is-cropped wp-block-gallery-4 is-layout-flex wp-block-gallery-is-layout-flex\">\n<figure class=\"wp-block-image size-large\"><img decoding=\"async\" data-id=\"27643\" src=\"https:\/\/scenarios-project.eu\/wp-content\/uploads\/sites\/21\/2024\/09\/Mihaela1.jpeg\" alt=\"\" class=\"wp-image-27643\"\/><\/figure>\n\n\n\n<figure class=\"wp-block-image size-large\"><img decoding=\"async\" data-id=\"27645\" src=\"https:\/\/scenarios-project.eu\/wp-content\/uploads\/sites\/21\/2024\/09\/Mihaela3-1024x680.png\" alt=\"\" class=\"wp-image-27645\"\/><\/figure>\n\n\n\n<figure class=\"wp-block-image size-large\"><img decoding=\"async\" data-id=\"27644\" src=\"https:\/\/scenarios-project.eu\/wp-content\/uploads\/sites\/21\/2024\/09\/Thomais--1024x768.jpeg\" alt=\"\" class=\"wp-image-27644\"\/><\/figure>\n<\/figure>\n\n<p>Sidsel Dykjaer de <a href=\"https:\/\/chemsec.org\/\" target=\"_blank\" rel=\"noopener\">ChemSec<\/a> habl\u00f3 sobre c\u00f3mo abordar los desaf\u00edos del mercado: la transici\u00f3n hacia sustancias PM da\u00f1inas &#8211; proyecto <a href=\"https:\/\/zeropm.eu\/\" target=\"_blank\" rel=\"noopener\">ZeroPM <\/a>y Floris Naus del Centro de Sostenibilidad, Medio Ambiente y Salud habl\u00f3 sobre c\u00f3mo lidiar con sustancias PM(T) en la econom\u00eda circular: diagn\u00f3stico, soluciones y estrategias co-creadas, informaci\u00f3n recopilada del proyecto hermano <a href=\"https:\/\/promisces.eu\/\" target=\"_blank\" rel=\"noopener\">Promisces<\/a>.<\/p>\n\n<figure class=\"wp-block-gallery has-nested-images columns-default is-cropped wp-block-gallery-5 is-layout-flex wp-block-gallery-is-layout-flex\">\n<figure class=\"wp-block-image size-large\"><img decoding=\"async\" data-id=\"27646\" src=\"https:\/\/scenarios-project.eu\/wp-content\/uploads\/sites\/21\/2024\/09\/SIDSEL1.jpeg\" alt=\"\" class=\"wp-image-27646\"\/><\/figure>\n\n\n\n<figure class=\"wp-block-image size-large\"><img decoding=\"async\" data-id=\"27647\" src=\"https:\/\/scenarios-project.eu\/wp-content\/uploads\/sites\/21\/2024\/09\/Sidsel2.png\" alt=\"\" class=\"wp-image-27647\"\/><\/figure>\n\n\n\n<figure class=\"wp-block-image size-large\"><img decoding=\"async\" data-id=\"27648\" src=\"https:\/\/scenarios-project.eu\/wp-content\/uploads\/sites\/21\/2024\/09\/Floris4.jpeg\" alt=\"\" class=\"wp-image-27648\"\/><\/figure>\n<\/figure>\n\n<p>Por la tarde se celebraron dos mesas redondas muy interesantes antes de cerrar la jornada.<\/p>\n\n<p>Mesa redonda 1: comprensi\u00f3n de las necesidades de la industria. En esta mesa redonda, la moderadora fue Mihaela Mirea y los panelistas fueron Helena Hinrichsen, Elena Zuriaga de <em>FACSA (Espa\u00f1a)<\/em> y David Trueba, de <em>Revive Environmental (EE. UU.)<\/em>. Los temas que trataron fueron:  <\/p>\n\n<p>Perspectivas de los representantes de la industria sobre la remediaci\u00f3n de PFAS <\/p>\n\n<p>Identificaci\u00f3n de desaf\u00edos y requisitos espec\u00edficos de la industria<\/p>\n\n<figure class=\"wp-block-gallery has-nested-images columns-default is-cropped wp-block-gallery-6 is-layout-flex wp-block-gallery-is-layout-flex\">\n<figure class=\"wp-block-image size-large\"><img decoding=\"async\" data-id=\"27649\" src=\"https:\/\/scenarios-project.eu\/wp-content\/uploads\/sites\/21\/2024\/09\/panel1-1.jpeg\" alt=\"\" class=\"wp-image-27649\"\/><\/figure>\n\n\n\n<figure class=\"wp-block-image size-large\"><img decoding=\"async\" data-id=\"27650\" src=\"https:\/\/scenarios-project.eu\/wp-content\/uploads\/sites\/21\/2024\/09\/panel1-2.jpeg\" alt=\"\" class=\"wp-image-27650\"\/><\/figure>\n<\/figure>\n\n<p>Mesa redonda 2: mecanismo regulador. En esta ocasi\u00f3n, Mihaela Mirea actu\u00f3 de nuevo como moderadora y los panelistas fueron Bente Hyldeg\u00e5rd de <em>Zeeland EPA<\/em>, Alice Caruso de<em> SMA Torino<\/em>, Jose Luis Aranda Mares de <em>EUROFINS Iproma<\/em> e Ivan Ivanov de la <em>Asociaci\u00f3n B\u00falgara del Agua<\/em>. <\/p>\n\n<p>Pol\u00edticas y regulaciones actuales con respecto a los PFAS <\/p>\n\n<p>Perspectivas de los responsables de las pol\u00edticas sobre el apoyo a los esfuerzos de detecci\u00f3n y remediaci\u00f3n de PFAS<\/p>\n\n<figure class=\"wp-block-gallery has-nested-images columns-default is-cropped wp-block-gallery-7 is-layout-flex wp-block-gallery-is-layout-flex\">\n<figure class=\"wp-block-image size-large\"><img decoding=\"async\" data-id=\"27654\" src=\"https:\/\/scenarios-project.eu\/wp-content\/uploads\/sites\/21\/2024\/09\/panel2-2-1.jpeg\" alt=\"\" class=\"wp-image-27654\"\/><\/figure>\n\n\n\n<figure class=\"wp-block-image size-large\"><img decoding=\"async\" data-id=\"27655\" src=\"https:\/\/scenarios-project.eu\/wp-content\/uploads\/sites\/21\/2024\/09\/panel2-1.jpeg\" alt=\"\" class=\"wp-image-27655\"\/><\/figure>\n\n\n\n<figure class=\"wp-block-image size-large\"><img decoding=\"async\" data-id=\"27656\" src=\"https:\/\/scenarios-project.eu\/wp-content\/uploads\/sites\/21\/2024\/09\/panel2-3-1.jpeg\" alt=\"\" class=\"wp-image-27656\"\/><\/figure>\n<\/figure>\n\n<p>Durante el segundo d\u00eda del taller, cuando nos dirigimos al sitio de demostraci\u00f3n en Kors\u00f6r, aprendimos sobre el modelado de caracterizaci\u00f3n del sitio, tal como lo explicaron Knud Erik Klint de <a href=\"https:\/\/en.geo.dk\/front-page\/\" target=\"_blank\" rel=\"noopener\">GEO <\/a>y Nadia Bali de <a href=\"https:\/\/www.iceht.forth.gr\/en\/\" target=\"_blank\" rel=\"noopener\">FORTH<\/a>, luego, Ofer Dahan de <a href=\"https:\/\/www.benyoav.com\/\" target=\"_blank\" rel=\"noopener\">BGU <\/a>monitore\u00f3 una zona vadosa con VMS y finaliz\u00f3 con la remediaci\u00f3n SAFF explicada por nuestros colegas de <a href=\"https:\/\/envytechsolutions.com\/\" target=\"_blank\" rel=\"noopener\">Envytech <\/a>Helena Hinrichsen y Say Svanstrom.<\/p>\n\n<figure class=\"wp-block-gallery has-nested-images columns-default is-cropped wp-block-gallery-8 is-layout-flex wp-block-gallery-is-layout-flex\">\n<figure class=\"wp-block-image size-large\"><img decoding=\"async\" data-id=\"27657\" src=\"https:\/\/scenarios-project.eu\/wp-content\/uploads\/sites\/21\/2024\/09\/Erik.jpeg\" alt=\"\" class=\"wp-image-27657\"\/><\/figure>\n\n\n\n<figure class=\"wp-block-image size-large\"><img decoding=\"async\" data-id=\"27658\" src=\"https:\/\/scenarios-project.eu\/wp-content\/uploads\/sites\/21\/2024\/09\/HElena-Container-768x1024.jpeg\" alt=\"\" class=\"wp-image-27658\"\/><\/figure>\n\n\n\n<figure class=\"wp-block-image size-large\"><img decoding=\"async\" data-id=\"27659\" src=\"https:\/\/scenarios-project.eu\/wp-content\/uploads\/sites\/21\/2024\/09\/Unknown-3-768x1024.jpeg\" alt=\"\" class=\"wp-image-27659\"\/><\/figure>\n\n\n\n<figure class=\"wp-block-image size-large\"><img decoding=\"async\" data-id=\"27660\" src=\"https:\/\/scenarios-project.eu\/wp-content\/uploads\/sites\/21\/2024\/09\/groupPicture-1024x768.jpeg\" alt=\"\" class=\"wp-image-27660\"\/><\/figure>\n<\/figure>\n\n<p>Despu\u00e9s de tan interesantes conversaciones, seguimos avanzando con el proyecto y esperamos con ilusi\u00f3n las pr\u00f3ximas pruebas y ver c\u00f3mo las t\u00e9cnicas y soluciones propuestas coinciden con los rendimientos previstos.<\/p>\n","protected":false},"excerpt":{"rendered":"<p>El 3 y 4 de septiembre, el proyecto celebr\u00f3 dos talleres con el t\u00edtulo \u201cRemediaci\u00f3n de PFAS en acci\u00f3n: soluciones sostenibles y condiciones de aceptaci\u00f3n\u201d con expertos de todo el mundo como ponentes y asistentes. El coordinador del proyecto, el profesor Francesco Dondero de la Universit\u00e0 degli Studi del Piemonte Orientale, inaugur\u00f3 el evento y [&hellip;]<\/p>\n","protected":false},"author":4,"featured_media":35939,"comment_status":"closed","ping_status":"closed","sticky":false,"template":"","format":"standard","meta":{"_acf_changed":false,"footnotes":""},"categories":[381],"tags":[],"class_list":["post-35935","post","type-post","status-publish","format-standard","has-post-thumbnail","hentry","category-scenarios"],"acf":[],"_links":{"self":[{"href":"https:\/\/comet.technology\/es\/wp-json\/wp\/v2\/posts\/35935","targetHints":{"allow":["GET"]}}],"collection":[{"href":"https:\/\/comet.technology\/es\/wp-json\/wp\/v2\/posts"}],"about":[{"href":"https:\/\/comet.technology\/es\/wp-json\/wp\/v2\/types\/post"}],"author":[{"embeddable":true,"href":"https:\/\/comet.technology\/es\/wp-json\/wp\/v2\/users\/4"}],"replies":[{"embeddable":true,"href":"https:\/\/comet.technology\/es\/wp-json\/wp\/v2\/comments?post=35935"}],"version-history":[{"count":1,"href":"https:\/\/comet.technology\/es\/wp-json\/wp\/v2\/posts\/35935\/revisions"}],"predecessor-version":[{"id":35936,"href":"https:\/\/comet.technology\/es\/wp-json\/wp\/v2\/posts\/35935\/revisions\/35936"}],"wp:featuredmedia":[{"embeddable":true,"href":"https:\/\/comet.technology\/es\/wp-json\/wp\/v2\/media\/35939"}],"wp:attachment":[{"href":"https:\/\/comet.technology\/es\/wp-json\/wp\/v2\/media?parent=35935"}],"wp:term":[{"taxonomy":"category","embeddable":true,"href":"https:\/\/comet.technology\/es\/wp-json\/wp\/v2\/categories?post=35935"},{"taxonomy":"post_tag","embeddable":true,"href":"https:\/\/comet.technology\/es\/wp-json\/wp\/v2\/tags?post=35935"}],"curies":[{"name":"wp","href":"https:\/\/api.w.org\/{rel}","templated":true}]}}